{"id":9982,"date":"2025-04-02T15:38:45","date_gmt":"2025-04-02T18:38:45","guid":{"rendered":"https:\/\/aprimora.site\/carvalhoalmeidaadvogados\/2025\/04\/02\/trt-15-divulga-relatorio-de-gestao-2024-de-acordo-com-as-diretrizes-do-tcu\/"},"modified":"2025-04-02T15:38:45","modified_gmt":"2025-04-02T18:38:45","slug":"trt-15-divulga-relatorio-de-gestao-2024-de-acordo-com-as-diretrizes-do-tcu","status":"publish","type":"post","link":"https:\/\/aprimora.site\/carvalhoalmeidaadvogados\/2025\/04\/02\/trt-15-divulga-relatorio-de-gestao-2024-de-acordo-com-as-diretrizes-do-tcu\/","title":{"rendered":"TRT-15 divulga Relat\u00f3rio de Gest\u00e3o 2024, de acordo com as diretrizes do TCU"},"content":{"rendered":"<p><span>TRT-15 divulga Relat\u00f3rio de Gest\u00e3o 2024, de acordo com as diretrizes do TCU<\/span><\/p>\n<div>  <a href=\"https:\/\/trt15.jus.br\/noticia\/2025\/trt-15-divulga-relatorio-de-gestao-2024-de-acordo-com-diretrizes-do-tcu\"><\/a>\n<\/div>\n<p><span><span>anasiqueira<\/span><\/span><\/p>\n<p><span>Qua, 02\/04\/2025 &#8211; 12:38<\/span><\/p>\n<div>\n<div>TRT-15 divulga Relat\u00f3rio de Gest\u00e3o 2024, de acordo com as diretrizes do TCU<\/div>\n<\/div>\n<div>\n<div class=\"visually-hidden\">Conte\u00fado da Not\u00edcia<\/div>\n<div>\n<p>O Tribunal Regional do Trabalho da 15\u00aa Regi\u00e3o \u00a0divulgou o Relat\u00f3rio de Gest\u00e3o 2024, elaborado conforme as diretrizes estabelecidas pela Decis\u00e3o Normativa n\u00ba 198\/2022 do Tribunal de Contas da Uni\u00e3o (TCU). O documento visa fornecer um panorama detalhado das a\u00e7\u00f5es, avan\u00e7os e desafios enfrentados pela institui\u00e7\u00e3o durante o ano, destacando sua atua\u00e7\u00e3o em diversas frentes de gest\u00e3o. Com um enfoque claro na transpar\u00eancia, a publica\u00e7\u00e3o do relat\u00f3rio se torna um instrumento essencial para o acompanhamento da gest\u00e3o p\u00fablica e um marco no processo de melhoria cont\u00ednua do Tribunal.<\/p>\n<p>Estruturado em se\u00e7\u00f5es que contemplam \u2018Vis\u00e3o Geral Organizacional e Ambiente externo\u2019, \u2018Governan\u00e7a, Estrat\u00e9gia e Desempenho\u2019, \u2018Riscos, Oportunidades e Perspectivas\u2019, \u2018Informa\u00e7\u00f5es Or\u00e7ament\u00e1rias, Financeiras e Cont\u00e1beis\u2019, o relat\u00f3rio oferece uma an\u00e1lise detalhada do desempenho institucional.<\/p>\n<p><strong>Metas<\/strong><\/p>\n<p>Em 2024, o tribunal seguiu as diretrizes das Metas estabelecidas pelo Conselho Nacional de Justi\u00e7a (CNJ), com destaque para a Meta 1, que consiste em julgar uma quantidade maior de processos de conhecimento do que os distribu\u00eddos no ano, excluindo os suspensos e sobrestados. O TRT-15 superou essa meta, atingindo um \u00edndice superior a 100% no resultado global, com 101,78%. Al\u00e9m disso, o Tribunal tamb\u00e9m aprimorou seu desempenho no cumprimento dos 86 itens avaliados no Ranking da Transpar\u00eancia do Poder Judici\u00e1rio, conquistando resultados positivos em 2024.<\/p>\n<p>A busca pela inova\u00e7\u00e3o foi acompanhada por a\u00e7\u00f5es concretas, como a implanta\u00e7\u00e3o de projetos desenvolvidos no \u00e2mbito do Co.Labora 15, com a participa\u00e7\u00e3o ativa de outros tribunais. Entre as iniciativas, destacam-se os projetos &#8220;Legalmente Simples&#8221;, Jurisdata Science + Falc\u00e3o e e Comunica PID. O compromisso com a inova\u00e7\u00e3o se reflete tamb\u00e9m na cria\u00e7\u00e3o de novas plataformas digitais, como o Sistema Exe-PJe, que unifica informa\u00e7\u00f5es sobre execu\u00e7\u00f5es e otimiza a gest\u00e3o de leil\u00f5es judiciais.<\/p>\n<p><strong>Pol\u00edticas bem-sucedidas de concilia\u00e7\u00e3o<\/strong><\/p>\n<p>Outro ponto de destaque foi o avan\u00e7o na implementa\u00e7\u00e3o de pol\u00edticas de concilia\u00e7\u00e3o. O TRT-15 obteve resultados expressivos, sobretudo com a atua\u00e7\u00e3o dos Centros Judici\u00e1rios de M\u00e9todos Consensuais de Solu\u00e7\u00e3o de Disputas (Cejuscs-JT), que homologaram \u00a0R$ 1,05 bilh\u00e3o de reais em acordos, beneficiando mais de 140 mil pessoas em 2024. A institui\u00e7\u00e3o alcan\u00e7ou ainda o \u00a0primeiro lugar entre os tribunais de grande porte na Semana Nacional da Concilia\u00e7\u00e3o Trabalhista, com a arrecada\u00e7\u00e3o de R$198 milh\u00f5es, demonstrando o impacto positivo das a\u00e7\u00f5es voltadas \u00e0 pacifica\u00e7\u00e3o social e \u00e0 efetividade da presta\u00e7\u00e3o jurisdicional.<\/p>\n<p>O Tribunal registrou recordes no valor de concilia\u00e7\u00f5es e pagamentos de d\u00edvidas trabalhistas, distribuindo R$ 6,5 bilh\u00f5es aos reclamantes, maior cifra j\u00e1 registrada desde a sua cria\u00e7\u00e3o em 1986. A performance nas fases de execu\u00e7\u00e3o e a realiza\u00e7\u00e3o de maratonas de pesquisa patrimonial e semanas de execu\u00e7\u00e3o trabalhista garantiram um impacto positivo na celeridade e efic\u00e1cia das decis\u00f5es.<\/p>\n<p><strong>Responsabilidade Social<\/strong><\/p>\n<p>A responsabilidade socioambiental foi um dos pilares destacados no relat\u00f3rio, com \u00eanfase na instala\u00e7\u00e3o de usinas fotovoltaicas em edif\u00edcios pr\u00f3prios e na implementa\u00e7\u00e3o do Painel da Sustentabilidade, ferramenta que permite o acompanhamento das a\u00e7\u00f5es ambientais do Tribunal de maneira intuitiva e din\u00e2mica. Para a presidente do Tribunal, desembargadora Ana Paula Pellegrina Lockmann, \u201co Relat\u00f3rio de Gest\u00e3o 2024 n\u00e3o apenas registra n\u00fameros e resultados, mas tamb\u00e9m reflete a vis\u00e3o estrat\u00e9gica de um Tribunal que busca ir al\u00e9m do convencional, enfrentando os desafios com inova\u00e7\u00e3o, coragem e humanidade\u201d.<\/p>\n<p><a href=\"https:\/\/trt15.jus.br\/sites\/portal\/files\/roles\/institucional\/gestao-estrategica\/Relat%C3%B3rio%20de%20Gest%C3%A3o%202024.pdf\">Confira o Relat\u00f3rio de Gest\u00e3o na \u00edntegra.<\/a><\/p>\n<\/div><\/div>\n<div>\n<div>Unidade Respons\u00e1vel:<\/div>\n<div>Comunica\u00e7\u00e3o Social<\/div>\n<\/div>\n<div>Qua, 02\/04\/2025 &#8211; 12:38<\/div>\n<p>      <span class=\"a2a_kit a2a_kit_size_16 addtoany_list\"><a class=\"a2a_dd addtoany_share\" href=\"https:\/\/www.addtoany.com\/share#url=https%3A%2F%2Ftrt15.jus.br%2Fnoticia%2F2025%2Ftrt-15-divulga-relatorio-de-gestao-2024-de-acordo-com-diretrizes-do-tcu&amp;title=TRT-15%20divulga%20Relat%C3%B3rio%20de%20Gest%C3%A3o%202024%2C%20de%20acordo%20com%20as%20diretrizes%20do%20TCU\"><\/a><a class=\"a2a_button_whatsapp\"><\/a><a class=\"a2a_button_google_gmail\"><\/a><a class=\"a2a_button_twitter\"><\/a><a class=\"a2a_button_facebook\"><\/a><a class=\"a2a_button_linkedin\"><\/a><\/span><\/p>","protected":false},"excerpt":{"rendered":"<p>TRT-15 divulga Relat\u00f3rio de Gest\u00e3o 2024, de acordo com as diretrizes do TCU anasiqueira Qua, 02\/04\/2025 &#8211; 12:38 TRT-15 divulga Relat\u00f3rio de Gest\u00e3o 2024, de acordo com as diretrizes do TCU Conte\u00fado da Not\u00edcia O Tribunal Regional do Trabalho da 15\u00aa Regi\u00e3o \u00a0divulgou o Relat\u00f3rio de Gest\u00e3o 2024, elaborado conforme as diretrizes estabelecidas pela Decis\u00e3o [&hellip;]<\/p>\n","protected":false},"author":0,"featured_media":9983,"comment_status":"open","ping_status":"open","sticky":false,"template":"","format":"standard","meta":[],"categories":[1],"tags":[],"_links":{"self":[{"href":"https:\/\/aprimora.site\/carvalhoalmeidaadvogados\/wp-json\/wp\/v2\/posts\/9982"}],"collection":[{"href":"https:\/\/aprimora.site\/carvalhoalmeidaadvogados\/wp-json\/wp\/v2\/posts"}],"about":[{"href":"https:\/\/aprimora.site\/carvalhoalmeidaadvogados\/wp-json\/wp\/v2\/types\/post"}],"replies":[{"embeddable":true,"href":"https:\/\/aprimora.site\/carvalhoalmeidaadvogados\/wp-json\/wp\/v2\/comments?post=9982"}],"version-history":[{"count":0,"href":"https:\/\/aprimora.site\/carvalhoalmeidaadvogados\/wp-json\/wp\/v2\/posts\/9982\/revisions"}],"wp:featuredmedia":[{"embeddable":true,"href":"https:\/\/aprimora.site\/carvalhoalmeidaadvogados\/wp-json\/wp\/v2\/media\/9983"}],"wp:attachment":[{"href":"https:\/\/aprimora.site\/carvalhoalmeidaadvogados\/wp-json\/wp\/v2\/media?parent=9982"}],"wp:term":[{"taxonomy":"category","embeddable":true,"href":"https:\/\/aprimora.site\/carvalhoalmeidaadvogados\/wp-json\/wp\/v2\/categories?post=9982"},{"taxonomy":"post_tag","embeddable":true,"href":"https:\/\/aprimora.site\/carvalhoalmeidaadvogados\/wp-json\/wp\/v2\/tags?post=9982"}],"curies":[{"name":"wp","href":"https:\/\/api.w.org\/{rel}","templated":true}]}}