{"id":9980,"date":"2025-04-02T15:42:03","date_gmt":"2025-04-02T18:42:03","guid":{"rendered":"https:\/\/aprimora.site\/carvalhoalmeidaadvogados\/2025\/04\/02\/justica-paulista-se-une-para-compartilhar-boas-praticas-relacionadas-a-politica-de-gestao-de-pessoas\/"},"modified":"2025-04-02T15:42:03","modified_gmt":"2025-04-02T18:42:03","slug":"justica-paulista-se-une-para-compartilhar-boas-praticas-relacionadas-a-politica-de-gestao-de-pessoas","status":"publish","type":"post","link":"https:\/\/aprimora.site\/carvalhoalmeidaadvogados\/2025\/04\/02\/justica-paulista-se-une-para-compartilhar-boas-praticas-relacionadas-a-politica-de-gestao-de-pessoas\/","title":{"rendered":"Justi\u00e7a paulista se une para compartilhar boas pr\u00e1ticas relacionadas \u00e0 Pol\u00edtica de Gest\u00e3o de Pessoas"},"content":{"rendered":"<p><span>Justi\u00e7a paulista se une para compartilhar boas pr\u00e1ticas relacionadas \u00e0 Pol\u00edtica de Gest\u00e3o de Pessoas<\/span><\/p>\n<div>  <a href=\"https:\/\/trt15.jus.br\/noticia\/2025\/justica-paulista-se-une-para-compartilhar-boas-praticas-relacionadas-politica-de\"><\/a>\n<\/div>\n<p><span><span>anasiqueira<\/span><\/span><\/p>\n<p><span>Qua, 02\/04\/2025 &#8211; 12:42<\/span><\/p>\n<div>\n<div>Justi\u00e7a paulista se une para compartilhar boas pr\u00e1ticas relacionadas \u00e0 Pol\u00edtica de Gest\u00e3o de Pessoas<\/div>\n<\/div>\n<div>\n<div class=\"visually-hidden\">Conte\u00fado da Not\u00edcia<\/div>\n<div>\n<p>A presidente do Tribunal Regional do Trabalho da 15\u00aa Regi\u00e3o, desembargadora Ana Paula Pellegrina Lockmann, e os representantes de mais cinco tribunais \u2013 Tribunal de Justi\u00e7a Militar do Estado de S\u00e3o Paulo, Tribunal Regional do Trabalho da 2\u00aa Regi\u00e3o, Tribunal Regional Federal da 3\u00aa Regi\u00e3o, \u00a0Tribunal Regional Eleitoral do Estado de S\u00e3o Paulo e \u00a0Tribunal de Justi\u00e7a de S\u00e3o Paulo \u2013, assinaram nesta ter\u00e7a-feira, primeiro de abril, o Termo de Coopera\u00e7\u00e3o N\u00ba 000.045\/2025 que visa ao compartilhamento de informa\u00e7\u00f5es relativas \u00e0 Pol\u00edtica de Gest\u00e3o de Pessoas entre os \u00f3rg\u00e3os do Poder Judici\u00e1rio paulista, de acordo com as normas da Lei 14.133\/21, do Decreto 11.531\/23 e da Portaria SEGES\/MGI 1.605\/24. \u00a0O ato ocorreu no Gabinete da Presid\u00eancia do TJ\/SP.<\/p>\n<p>Nas palavras do presidente do TJSP, desembargador Fernando Antonio Torres Garcia, \u201cn\u00f3s buscaremos a troca de informa\u00e7\u00f5es no que diz respeito \u00e0 gest\u00e3o de pessoas, inclusive e especialmente em rela\u00e7\u00e3o \u00e0 sa\u00fade, j\u00e1 que na semana que vem teremos a Semana Nacional da Sa\u00fade do Poder Judici\u00e1rio, iniciativa do Conselho Nacional de Justi\u00e7a. Hoje reafirmamos esse compromisso entre os seis tribunais de S\u00e3o Paulo na troca de informa\u00e7\u00f5es relevantes\u201d. \u00a0\u00a0<\/p>\n\n<p><em>#ParaTodosVerem: Dra. Ana Paula, sorrindo para a c\u00e2mera, assina o documento.<\/em><\/p>\n<p>Para a presidente do TRT-15, desembargadora Ana Paula, o ato reflete o compromisso conjunto com o bem-estar dos servidores do Poder Judici\u00e1rio, com a melhoria do ambiente de trabalho e com a qualifica\u00e7\u00e3o cont\u00ednua daqueles que garantem a presta\u00e7\u00e3o jurisdicional \u00e0 sociedade. \u201cAo promover a troca de boas pr\u00e1ticas, a constru\u00e7\u00e3o de bancos compartilhados de instrutores e de solu\u00e7\u00f5es administrativas, damos um passo importante rumo \u00e0 racionaliza\u00e7\u00e3o de recursos, ao fortalecimento da governan\u00e7a e \u00e0 valoriza\u00e7\u00e3o dos nossos quadros funcionais\u201d, assinala.\u00a0<\/p>\n<p>O compartilhamento de informa\u00e7\u00f5es e boas pr\u00e1ticas, em especial as relacionadas \u00e0 \u00e1rea da Sa\u00fade, adotadas individualmente, busca alcan\u00e7ar uniformidade no tratamento aplicado aos servidores do Poder Judici\u00e1rio. A coopera\u00e7\u00e3o institucional abarca, tamb\u00e9m, diversas iniciativas como a realiza\u00e7\u00e3o de eventos voltados \u00e0 tem\u00e1tica, como o F\u00f3rum de Governan\u00e7a e Gest\u00e3o Estrat\u00e9gica de Pessoas e a forma\u00e7\u00e3o de bancos de dados compartilhados, como o Banco de Instrutores e o Banco de Boas Pr\u00e1ticas, com o intuito de reduzir custos com contrata\u00e7\u00e3o de pessoal para capacita\u00e7\u00e3o de servidores, atendendo \u00e0 necessidade de racionaliza\u00e7\u00e3o do uso dos recursos p\u00fablicos. O Termo de Coopera\u00e7\u00e3o tem vig\u00eancia de 60 meses.<\/p>\n\n<p><em>#ParaTodosVerem: os presidentes dos tribunais paulistas est\u00e3o de p\u00e9 conversando no Gabinete da Presid\u00eancia do TJ que t\u00eam m\u00f3veis coloniais de madeira escura.<\/em><\/p>\n<p>Al\u00e9m da presidente Ana Paula, assinaram o documento o presidente do TJMSP, desembargador militar Enio Luiz Rosseto; o presidente do TRT da 2\u00aa Regi\u00e3o, desembargador Valdir Florindo; o presidente do TRE-SP, desembargador Silmar Fernandes; e a desembargadora federal Consuelo Yoshida, representando o presidente do TRF3. Participaram do ato os ju\u00edzes assessores da Presid\u00eancia (Recursos Humanos) Andr\u00e9 Gustavo Cividanes Furlan e \u00a0Wagner Roby Gidaro; a ju\u00edza assessora da Presid\u00eancia do TRE-SP, Fernanda Mendes Sim\u00f5es Colombini; e a secret\u00e1ria de Gest\u00e3o de Pessoas do TJSP, Vanessa Cristina Martiniano.<\/p>\n<p><strong>Semana Nacional da Sa\u00fade<\/strong><\/p>\n<p>A primeira edi\u00e7\u00e3o da Semana Nacional da Sa\u00fade ocorrer\u00e1 entre 7 e 11 de abril de 2025 e contar\u00e1 com a\u00e7\u00f5es capitaneadas pelo CNJ e pelos Comit\u00eas Estaduais de Sa\u00fade. Em S\u00e3o Paulo, a primeira edi\u00e7\u00e3o da Semana Nacional da Sa\u00fade ser\u00e1 na Escola Paulista da Magistratura (EPM).<\/p>\n<p>\u00a0\u00a0 \u00a0<a href=\"https:\/\/api.tjsp.jus.br\/Handlers\/Handler\/FileFetch.ashx?codigo=166132\">Confira aqui a programa\u00e7\u00e3o<\/a>.<\/p>\n<p>\u00a0\u00a0 \u00a0Com informa\u00e7\u00f5es da Comunica\u00e7\u00e3o Social TJSP \u2013 RS (texto) \/ Paulo Santana (fotos)<\/p>\n<\/div><\/div>\n<div>\n<div>Unidade Respons\u00e1vel:<\/div>\n<div>Comunica\u00e7\u00e3o Social<\/div>\n<\/div>\n<div>Qua, 02\/04\/2025 &#8211; 12:42<\/div>\n<p>      <span class=\"a2a_kit a2a_kit_size_16 addtoany_list\"><a class=\"a2a_dd addtoany_share\" href=\"https:\/\/www.addtoany.com\/share#url=https%3A%2F%2Ftrt15.jus.br%2Fnoticia%2F2025%2Fjustica-paulista-se-une-para-compartilhar-boas-praticas-relacionadas-politica-de&amp;title=Justi%C3%A7a%20paulista%20se%20une%20para%20compartilhar%20boas%20pr%C3%A1ticas%20relacionadas%20%C3%A0%20Pol%C3%ADtica%20de%20Gest%C3%A3o%20de%20Pessoas\"><\/a><a class=\"a2a_button_whatsapp\"><\/a><a class=\"a2a_button_google_gmail\"><\/a><a class=\"a2a_button_twitter\"><\/a><a class=\"a2a_button_facebook\"><\/a><a class=\"a2a_button_linkedin\"><\/a><\/span><\/p>","protected":false},"excerpt":{"rendered":"<p>Justi\u00e7a paulista se une para compartilhar boas pr\u00e1ticas relacionadas \u00e0 Pol\u00edtica de Gest\u00e3o de Pessoas anasiqueira Qua, 02\/04\/2025 &#8211; 12:42 Justi\u00e7a paulista se une para compartilhar boas pr\u00e1ticas relacionadas \u00e0 Pol\u00edtica de Gest\u00e3o de Pessoas Conte\u00fado da Not\u00edcia A presidente do Tribunal Regional do Trabalho da 15\u00aa Regi\u00e3o, desembargadora Ana Paula Pellegrina Lockmann, e os [&hellip;]<\/p>\n","protected":false},"author":0,"featured_media":9981,"comment_status":"open","ping_status":"open","sticky":false,"template":"","format":"standard","meta":[],"categories":[1],"tags":[],"_links":{"self":[{"href":"https:\/\/aprimora.site\/carvalhoalmeidaadvogados\/wp-json\/wp\/v2\/posts\/9980"}],"collection":[{"href":"https:\/\/aprimora.site\/carvalhoalmeidaadvogados\/wp-json\/wp\/v2\/posts"}],"about":[{"href":"https:\/\/aprimora.site\/carvalhoalmeidaadvogados\/wp-json\/wp\/v2\/types\/post"}],"replies":[{"embeddable":true,"href":"https:\/\/aprimora.site\/carvalhoalmeidaadvogados\/wp-json\/wp\/v2\/comments?post=9980"}],"version-history":[{"count":0,"href":"https:\/\/aprimora.site\/carvalhoalmeidaadvogados\/wp-json\/wp\/v2\/posts\/9980\/revisions"}],"wp:featuredmedia":[{"embeddable":true,"href":"https:\/\/aprimora.site\/carvalhoalmeidaadvogados\/wp-json\/wp\/v2\/media\/9981"}],"wp:attachment":[{"href":"https:\/\/aprimora.site\/carvalhoalmeidaadvogados\/wp-json\/wp\/v2\/media?parent=9980"}],"wp:term":[{"taxonomy":"category","embeddable":true,"href":"https:\/\/aprimora.site\/carvalhoalmeidaadvogados\/wp-json\/wp\/v2\/categories?post=9980"},{"taxonomy":"post_tag","embeddable":true,"href":"https:\/\/aprimora.site\/carvalhoalmeidaadvogados\/wp-json\/wp\/v2\/tags?post=9980"}],"curies":[{"name":"wp","href":"https:\/\/api.w.org\/{rel}","templated":true}]}}