{"id":9806,"date":"2025-03-28T01:08:46","date_gmt":"2025-03-28T04:08:46","guid":{"rendered":"https:\/\/aprimora.site\/carvalhoalmeidaadvogados\/2025\/03\/28\/evento-reune-c-levels-do-direito-em-sao-paulo\/"},"modified":"2025-03-28T01:08:46","modified_gmt":"2025-03-28T04:08:46","slug":"evento-reune-c-levels-do-direito-em-sao-paulo","status":"publish","type":"post","link":"https:\/\/aprimora.site\/carvalhoalmeidaadvogados\/2025\/03\/28\/evento-reune-c-levels-do-direito-em-sao-paulo\/","title":{"rendered":"Evento re\u00fane C-levels do Direito em S\u00e3o Paulo"},"content":{"rendered":"<p><span>O evento C Law Experience, voltado para diretores e executivos jur\u00eddicos, ser\u00e1 realizado em S\u00e3o Paulo nos dias 9 e 10 de junho, com pain\u00e9is sobre <a href=\"https:\/\/www.jota.info\/tudo-sobre\/reforma-tributaria\">reforma tribut\u00e1ria<\/a>, gest\u00e3o e inova\u00e7\u00e3o do departamento jur\u00eddico, lideran\u00e7a e mais. O evento acontece em S\u00e3o Paulo e tem o <\/span><span class=\"jota\">JOTA<\/span> <span>como parceiro estrat\u00e9gico. Ao longo dos pr\u00f3ximos dias, o <strong><span class=\"jota\">JOTA<\/span><\/strong> publicar\u00e1 entrevistas exclusivas com alguns dos 150 speakers. <a href=\"https:\/\/clawexperience.com.br\/\">Inscreva-se para participar do evento, que reunir\u00e1 cerca de 1500 CEOs, diretores jur\u00eddicos e s\u00f3cios de escrit\u00f3rios<\/a>.<\/span><\/p>\n<p><span>Entre os destaques, est\u00e1 a participa\u00e7\u00e3o de Bernard Appy, secret\u00e1rio extraordin\u00e1rio da reforma tribut\u00e1ria, al\u00e9m de representantes do setor p\u00fablico, como do Banco Nacional de Desenvolvimento Econ\u00f4mico e Social (BNDES), e do setor privado, com executivos de grandes companhias dos setores de tecnologia, bancos, energia, alimentos e sa\u00fade, entre outros. Est\u00e3o previstas mais de 60 horas de palestras.<\/span><\/p>\n<h3><a href=\"https:\/\/conteudo.jota.info\/marketing-lp-newsletter-ultimas-noticias?utm_source=jota&amp;utm_medium=lp&amp;utm_campaign=23-09-2024-jota-lp-eleicoes-2024-eleicoes-2024-none-audiencias-none&amp;utm_content=eleicoes-2024&amp;utm_term=none\"><span>Assine gratuitamente a newsletter \u00daltimas Not\u00edcias do <span class=\"jota\">JOTA<\/span> e receba as principais not\u00edcias jur\u00eddicas e pol\u00edticas do dia no seu email<\/span><\/a><\/h3>\n<p><span>Nos dois dias de evento, os participantes poder\u00e3o assistir a palestras sobre a reforma tribut\u00e1ria \u2013 sobre temas como <a href=\"https:\/\/www.jota.info\/artigos\/split-payment-na-reforma-tributaria-quando-a-regra-vira-excecao\">split payment<\/a>, impacto em setores espec\u00edficos e processos administrativos dos novos impostos, por exemplo. J\u00e1 no primeiro dia, haver\u00e1 pain\u00e9is sobre contencioso estrat\u00e9gico e gest\u00e3o e inova\u00e7\u00e3o no departamento jur\u00eddico. No segundo dia, o foco ser\u00e1 em contencioso de massa e uso de intelig\u00eancia artificial no jur\u00eddico.\u00a0<\/span><\/p>\n<p><span>A programa\u00e7\u00e3o completa, bem como mais informa\u00e7\u00f5es sobre o evento, podem ser conferidas <\/span><a href=\"https:\/\/clawexperience.com.br\/\"><span>aqui<\/span><\/a><span>. O C Law Experience contar\u00e1 com quatro palcos no espa\u00e7o Villa Blue Tree, na Ch\u00e1cara Santo Ant\u00f4nio, na zona sul da capital paulista.\u00a0<\/span><\/p>\n<p><span>\u201cNos \u00faltimos 13 anos ouvimos de centenas de players a demanda por um encontro diferenciado somente para a lideran\u00e7a jur\u00eddica. Ent\u00e3o decidimos estrategicamente criar cada espa\u00e7o para facilitar conex\u00f5es significativas e duradouras entre os principais tomadores de decis\u00e3o do Direito\u201d, diz Carina Flosi, CEO da Conceito Semin\u00e1rios, e uma das idealizadoras do evento.\u00a0<\/span><\/p>","protected":false},"excerpt":{"rendered":"<p>O evento C Law Experience, voltado para diretores e executivos jur\u00eddicos, ser\u00e1 realizado em S\u00e3o Paulo nos dias 9 e 10 de junho, com pain\u00e9is sobre reforma tribut\u00e1ria, gest\u00e3o e inova\u00e7\u00e3o do departamento jur\u00eddico, lideran\u00e7a e mais. O evento acontece em S\u00e3o Paulo e tem o JOTA como parceiro estrat\u00e9gico. Ao longo dos pr\u00f3ximos dias, [&hellip;]<\/p>\n","protected":false},"author":0,"featured_media":0,"comment_status":"open","ping_status":"open","sticky":false,"template":"","format":"standard","meta":[],"categories":[1],"tags":[],"_links":{"self":[{"href":"https:\/\/aprimora.site\/carvalhoalmeidaadvogados\/wp-json\/wp\/v2\/posts\/9806"}],"collection":[{"href":"https:\/\/aprimora.site\/carvalhoalmeidaadvogados\/wp-json\/wp\/v2\/posts"}],"about":[{"href":"https:\/\/aprimora.site\/carvalhoalmeidaadvogados\/wp-json\/wp\/v2\/types\/post"}],"replies":[{"embeddable":true,"href":"https:\/\/aprimora.site\/carvalhoalmeidaadvogados\/wp-json\/wp\/v2\/comments?post=9806"}],"version-history":[{"count":0,"href":"https:\/\/aprimora.site\/carvalhoalmeidaadvogados\/wp-json\/wp\/v2\/posts\/9806\/revisions"}],"wp:attachment":[{"href":"https:\/\/aprimora.site\/carvalhoalmeidaadvogados\/wp-json\/wp\/v2\/media?parent=9806"}],"wp:term":[{"taxonomy":"category","embeddable":true,"href":"https:\/\/aprimora.site\/carvalhoalmeidaadvogados\/wp-json\/wp\/v2\/categories?post=9806"},{"taxonomy":"post_tag","embeddable":true,"href":"https:\/\/aprimora.site\/carvalhoalmeidaadvogados\/wp-json\/wp\/v2\/tags?post=9806"}],"curies":[{"name":"wp","href":"https:\/\/api.w.org\/{rel}","templated":true}]}}