{"id":9717,"date":"2025-03-24T17:41:14","date_gmt":"2025-03-24T20:41:14","guid":{"rendered":"https:\/\/aprimora.site\/carvalhoalmeidaadvogados\/2025\/03\/24\/aposta-bolsonarista-em-trump-contraria-tendencia-global\/"},"modified":"2025-03-24T17:41:14","modified_gmt":"2025-03-24T20:41:14","slug":"aposta-bolsonarista-em-trump-contraria-tendencia-global","status":"publish","type":"post","link":"https:\/\/aprimora.site\/carvalhoalmeidaadvogados\/2025\/03\/24\/aposta-bolsonarista-em-trump-contraria-tendencia-global\/","title":{"rendered":"Aposta bolsonarista em Trump contraria tend\u00eancia global"},"content":{"rendered":"<p>Ao apostar alto no governo americano para atacar o Supremo Tribunal Federal (<a href=\"https:\/\/www.jota.info\/tudo-sobre\/stf\">STF<\/a>) e pressionar pela <a href=\"https:\/\/www.jota.info\/tudo-sobre\/anistia\">anistia<\/a>, os <a href=\"https:\/\/www.jota.info\/tudo-sobre\/bolsonaro\">Bolsonaros<\/a> tentam mudar as regras do jogo pol\u00edtico interno, em que parecem marcados para perder.<\/p>\n<p>A decis\u00e3o do deputado <a href=\"https:\/\/www.jota.info\/tudo-sobre\/eduardo-bolsonaro\">Eduardo Bolsonaro<\/a> de permanecer nos Estados Unidos representa a determina\u00e7\u00e3o da fam\u00edlia do ex-presidente de investir de vez na agenda externa para se fortalecer n\u00e3o s\u00f3 ante a Justi\u00e7a, mas tamb\u00e9m dentro da direita brasileira, no momento em que enfrenta alternativas.<\/p>\n<h3><a href=\"https:\/\/conteudo.jota.info\/marketing-lp-newsletter-ultimas-noticias\">Assine gratuitamente a newsletter \u00daltimas Not\u00edcias e receba as principais not\u00edcias jur\u00eddicas e pol\u00edticas do dia no seu email<\/a><\/h3>\n<p>Quem fez a mesma aposta n\u00e3o teve garantia de sucesso. At\u00e9 agora, a extrema direita de outros pa\u00edses n\u00e3o colhe vantagens da associa\u00e7\u00e3o com <a href=\"https:\/\/www.jota.info\/tudo-sobre\/donald-trump\">Donald Trump<\/a>. Pelo contr\u00e1rio: o caos do tarifa\u00e7o e da intimida\u00e7\u00e3o deu f\u00f4lego a correntes pol\u00edticas que apelaram ao nacionalismo frente a uma pot\u00eancia err\u00e1tica e pouco confi\u00e1vel. Os europeus t\u00eam se visto diante do desafio de manterem-se por conta pr\u00f3pria.<\/p>\n<p>Para os Bolsonaros, \u00e9 hora de correr riscos. Radicalizar na frente externa \u00e9 uma t\u00e1tica de sobreviv\u00eancia ante o cerco judicial e a perda de for\u00e7a na base pol\u00edtica. A disputa pela hegemonia na direita e no pr\u00f3prio PL cresceu nas \u00faltimas semanas, \u00e0 medida que <a href=\"https:\/\/www.jota.info\/tudo-sobre\/tarcisio-de-freitas\">Tarc\u00edsio de Freitas<\/a> passou a ser visto como alternativa presidencial vi\u00e1vel. E foi acelerada pelo <a href=\"https:\/\/www.jota.info\/eleicoes\/mais-fraco-nas-ruas-bolsonaro-dependera-mais-da-politica-e-de-tarcisio\">relativo fracasso do ato bolsonarista<\/a> em Copacabana.<\/p>\n<p>\u201cN\u00f3s no momento n\u00e3o temos como buscar paz, tranquilidade e democracia internamente, \u00e9 imposs\u00edvel. Precisamos de ajuda de fora\u201d, disse o ex-presidente na quarta a um ve\u00edculo aliado.<\/p>\n<p>A dificuldade interna do bolsonarismo fica evidente at\u00e9 na defini\u00e7\u00e3o de quem iria presidir a Comiss\u00e3o de Rela\u00e7\u00f5es Exteriores. Embora negue, o presidente do PL, Valdemar Costa Neto, ajudou a barrar o substituto anunciado publicamente por Eduardo. No lugar de Luciano Zucco (PL-RS), preferido dos Bolsonaros, o partido indicou Filipe Barros (PL-PR). Ainda que tamb\u00e9m bolsonarista, Barros foi levado ao cargo pelas m\u00e3os da lideran\u00e7a tradicional do partido, n\u00e3o da ala ideol\u00f3gica, evidenciando uma dificuldade dos segmentos mais radicais.<\/p>\n<p>Em tour por canais online bolsonaristas, Eduardo Bolsonaro deixou claro que a vit\u00f3ria de seu per\u00edodo de autoex\u00edlio seria a imposi\u00e7\u00e3o de san\u00e7\u00f5es a autoridades brasileiras, a exemplo das anunciadas a membros do Tribunal Penal Internacional envolvidos na den\u00fancia contra o primeiro-ministro de Israel, Benjamin Netanyahu.<\/p>\n<p>\u201cNo Brasil se voc\u00ea aplicar a mesma m\u00e9trica, vai perceber que n\u00e3o \u00e9 s\u00f3 Alexandre de Moraes que est\u00e1 na mira dessas san\u00e7\u00f5es\u201d, disse o deputado, que resumiu a estrat\u00e9gia da fam\u00edlia: \u201cSe tem uma coisa que Bolsonaro aprendeu com Trump \u00e9 que voc\u00ea n\u00e3o luta contra o lawfare, contra o ativismo judicial, dentro dos tribunais, luta dentro da pol\u00edtica\u201d.<\/p>\n<h3>Direita global n\u00e3o surfa onda Trump<\/h3>\n<p>Ainda que n\u00e3o reste d\u00favida de que os partidos de extrema-direita est\u00e3o mudando coletivamente o centro de gravidade pol\u00edtica da Europa, Donald Trump parece radical demais at\u00e9 para alguns deles. Enquanto se encontram nos temas anti-imigra\u00e7\u00e3o e direito de asilo, afastam-se em aborto, pol\u00edtica econ\u00f4mica e sobretudo nas rela\u00e7\u00f5es exteriores, em que haveria uma linha divis\u00f3ria fundamental.<\/p>\n<p>Na Alemanha, o avan\u00e7o da extrema-direita ficou aqu\u00e9m do que esperavam, sobretudo ap\u00f3s o apoio escancarado de Elon Musk. O conservador CDU j\u00e1 avisou que n\u00e3o quer coaliz\u00e3o com os extremistas da AfD. No Canad\u00e1, o forte nacionalismo despertado pelas amea\u00e7as do vizinho mudou o discurso do Partido Liberal e impulsionou a sua performance pol\u00edtica. Mark Carney, o novo primeiro-ministro, que at\u00e9 pouco tempo era o burocrata presidente do BC ingl\u00eas, virou, comparativamente, uma figura carism\u00e1tica, que se apresenta como algu\u00e9m preparado para lidar com Trump na elei\u00e7\u00e3o convocada para 28 de abril.<\/p>\n<p>Resta saber o que acontecer\u00e1 na Fran\u00e7a com o Reuni\u00e3o Nacional liderado por Marine Le Pen, que tem, ela tamb\u00e9m, se distanciado dos excessos de Trump. O mesmo acontece com Giorgia Meloni, na It\u00e1lia, e o partido Lei e Justi\u00e7a da Pol\u00f4nia.<\/p>\n<h3>Governo Lula evita embate<\/h3>\n<p>No Brasil, a estrat\u00e9gia para lidar com Trump tem sido a cautela. O governo busca o di\u00e1logo com os EUA e encontrou no vice-presidente, <a href=\"https:\/\/www.jota.info\/tudo-sobre\/geraldo-alckmin\">Geraldo Alckmin<\/a>, interlocutor imparcial, distante da base ideol\u00f3gica do PT que afasta o governo brasileiro de Trump.<\/p>\n<p>\u00c9 ele quem tem conduzido o imbr\u00f3glio comercial. Negocia a suspens\u00e3o das tarifas de 25% impostas sobre a\u00e7o e alum\u00ednio e tenta evitar as novas tarifas prometidas pelo Republicano em seu plano de reciprocidade, a ser anunciado em 2 de abril.<\/p>\n<h3><a href=\"https:\/\/www.jota.info\/produtos\/poder?utm_source=cta-site&amp;utm_medium=site&amp;utm_campaign=campanha_poder_q2&amp;utm_id=cta_texto_poder_q2_2023&amp;utm_term=cta_texto_poder&amp;utm_term=cta_texto_poder_meio_materias\"><span>Conhe\u00e7a o <span class=\"jota\">JOTA<\/span> PRO Poder, plataforma de monitoramento que oferece transpar\u00eancia e previsibilidade para empresas<\/span><\/a><\/h3>\n<p>Neste primeiro momento, n\u00e3o h\u00e1 previs\u00e3o de retalia\u00e7\u00e3o. Antes disso, o governo brasileiro quer se certificar de que esgotou as vias t\u00e9cnicas.<\/p>\n<p>Em teoria, na conjuntura atual, Trump poderia favorecer at\u00e9 mais Lula e o discurso de campanha em ano pr\u00e9-eleitoral do que o cl\u00e3 Bolsonaro. Resta saber se o governo e PT saber\u00e3o fazer do lim\u00e3o uma limonada, e como a direita vai conseguir explorar as m\u00eddias sociais e as plataformas em seu favor at\u00e9 a elei\u00e7\u00e3o de 2026. Este \u00e9 um dos maiores temores do governo.<\/p>\n<h3>Busca pelo centro<\/h3>\n<p>Para a direita bolsonarista, a esperan\u00e7a de que san\u00e7\u00f5es atinjam ao menos o Judici\u00e1rio brasileiro \u00e9 alimentada pelos choques recentes de Trump com ju\u00edzes nos EUA.<\/p>\n<p>Eduardo Bolsonaro, na esteira de postagem de Elon Musk sobre o tema, citou o impeachment de ju\u00edzes do Supremo de El Salvador para defender a elei\u00e7\u00e3o de uma bancada bolsonarista no Congresso em 2026. O movimento \u00e9 visto com temor pelo STF e pelo Pal\u00e1cio do Planalto h\u00e1 um bom tempo.<\/p>\n<p>Ao defender a tese de dominar o Senado, o deputado marca a dist\u00e2ncia que a estrat\u00e9gia externa vai tomando da abordagem pol\u00edtica do PL e da direita, que v\u00ea na impopularidade de Lula o caminho para um candidato que se apresente como mais ao centro.<\/p>\n<p>Nome mais forte at\u00e9 aqui para preencher esse papel, Tarc\u00edsio de Freitas coreografa os passos. Segue polindo a imagem de modera\u00e7\u00e3o, enquanto faz rever\u00eancias \u00e0 fam\u00edlia do ex-presidente. Discursou no ato de Copacabana e solidarizou-se nas redes com Eduardo Bolsonaro: \u201cFor\u00e7a, @BolsonaroSP! Conte sempre com meu apoio\u201d.<\/p>\n<h3><a href=\"https:\/\/whatsapp.com\/channel\/0029VaFvFd73rZZflK7yGD0I\">Inscreva-se no canal de not\u00edcias do <span class=\"jota\">JOTA<\/span> no WhatsApp e fique por dentro das principais discuss\u00f5es do pa\u00eds!<\/a> <span>\u00a0<\/span><\/h3>\n<p>Se herdar o voto bolsonarista e avan\u00e7ar para o centro, Tarc\u00edsio poderia ser a resposta da direita brasileira \u00e0 tend\u00eancia atual de premiar os moderados, n\u00e3o os trumpistas. Uma via que tamb\u00e9m pode ser explorada pelo governo, com maior tempero nacionalista.<\/p>","protected":false},"excerpt":{"rendered":"<p>Ao apostar alto no governo americano para atacar o Supremo Tribunal Federal (STF) e pressionar pela anistia, os Bolsonaros tentam mudar as regras do jogo pol\u00edtico interno, em que parecem marcados para perder. A decis\u00e3o do deputado Eduardo Bolsonaro de permanecer nos Estados Unidos representa a determina\u00e7\u00e3o da fam\u00edlia do ex-presidente de investir de vez [&hellip;]<\/p>\n","protected":false},"author":0,"featured_media":0,"comment_status":"open","ping_status":"open","sticky":false,"template":"","format":"standard","meta":[],"categories":[1],"tags":[],"_links":{"self":[{"href":"https:\/\/aprimora.site\/carvalhoalmeidaadvogados\/wp-json\/wp\/v2\/posts\/9717"}],"collection":[{"href":"https:\/\/aprimora.site\/carvalhoalmeidaadvogados\/wp-json\/wp\/v2\/posts"}],"about":[{"href":"https:\/\/aprimora.site\/carvalhoalmeidaadvogados\/wp-json\/wp\/v2\/types\/post"}],"replies":[{"embeddable":true,"href":"https:\/\/aprimora.site\/carvalhoalmeidaadvogados\/wp-json\/wp\/v2\/comments?post=9717"}],"version-history":[{"count":0,"href":"https:\/\/aprimora.site\/carvalhoalmeidaadvogados\/wp-json\/wp\/v2\/posts\/9717\/revisions"}],"wp:attachment":[{"href":"https:\/\/aprimora.site\/carvalhoalmeidaadvogados\/wp-json\/wp\/v2\/media?parent=9717"}],"wp:term":[{"taxonomy":"category","embeddable":true,"href":"https:\/\/aprimora.site\/carvalhoalmeidaadvogados\/wp-json\/wp\/v2\/categories?post=9717"},{"taxonomy":"post_tag","embeddable":true,"href":"https:\/\/aprimora.site\/carvalhoalmeidaadvogados\/wp-json\/wp\/v2\/tags?post=9717"}],"curies":[{"name":"wp","href":"https:\/\/api.w.org\/{rel}","templated":true}]}}