{"id":9604,"date":"2025-03-19T01:17:41","date_gmt":"2025-03-19T04:17:41","guid":{"rendered":"https:\/\/aprimora.site\/carvalhoalmeidaadvogados\/2025\/03\/19\/inercia-do-querelante-autoriza-ministerio-publico-a-propor-anpp-em-acao-penal-privada-decide-quinta-turma\/"},"modified":"2025-03-19T01:17:41","modified_gmt":"2025-03-19T04:17:41","slug":"inercia-do-querelante-autoriza-ministerio-publico-a-propor-anpp-em-acao-penal-privada-decide-quinta-turma","status":"publish","type":"post","link":"https:\/\/aprimora.site\/carvalhoalmeidaadvogados\/2025\/03\/19\/inercia-do-querelante-autoriza-ministerio-publico-a-propor-anpp-em-acao-penal-privada-decide-quinta-turma\/","title":{"rendered":"In\u00e9rcia do querelante autoriza Minist\u00e9rio P\u00fablico a propor ANPP em a\u00e7\u00e3o penal privada, decide Quinta Turma"},"content":{"rendered":"<p>O ANPP, acordo entre a acusa\u00e7\u00e3o e a defesa para n\u00e3o haver processo em troca do cumprimento de algumas condi\u00e7\u00f5es pelo r\u00e9u, n\u00e3o tem previs\u00e3o expressa de cabimento na a\u00e7\u00e3o penal privada.<\/p>","protected":false},"excerpt":{"rendered":"<p>O ANPP, acordo entre a acusa\u00e7\u00e3o e a defesa para n\u00e3o haver processo em troca do cumprimento de algumas condi\u00e7\u00f5es pelo r\u00e9u, n\u00e3o tem previs\u00e3o expressa de cabimento na a\u00e7\u00e3o penal privada.<\/p>\n","protected":false},"author":0,"featured_media":0,"comment_status":"open","ping_status":"open","sticky":false,"template":"","format":"standard","meta":[],"categories":[1],"tags":[],"_links":{"self":[{"href":"https:\/\/aprimora.site\/carvalhoalmeidaadvogados\/wp-json\/wp\/v2\/posts\/9604"}],"collection":[{"href":"https:\/\/aprimora.site\/carvalhoalmeidaadvogados\/wp-json\/wp\/v2\/posts"}],"about":[{"href":"https:\/\/aprimora.site\/carvalhoalmeidaadvogados\/wp-json\/wp\/v2\/types\/post"}],"replies":[{"embeddable":true,"href":"https:\/\/aprimora.site\/carvalhoalmeidaadvogados\/wp-json\/wp\/v2\/comments?post=9604"}],"version-history":[{"count":0,"href":"https:\/\/aprimora.site\/carvalhoalmeidaadvogados\/wp-json\/wp\/v2\/posts\/9604\/revisions"}],"wp:attachment":[{"href":"https:\/\/aprimora.site\/carvalhoalmeidaadvogados\/wp-json\/wp\/v2\/media?parent=9604"}],"wp:term":[{"taxonomy":"category","embeddable":true,"href":"https:\/\/aprimora.site\/carvalhoalmeidaadvogados\/wp-json\/wp\/v2\/categories?post=9604"},{"taxonomy":"post_tag","embeddable":true,"href":"https:\/\/aprimora.site\/carvalhoalmeidaadvogados\/wp-json\/wp\/v2\/tags?post=9604"}],"curies":[{"name":"wp","href":"https:\/\/api.w.org\/{rel}","templated":true}]}}