{"id":9507,"date":"2025-03-12T21:26:11","date_gmt":"2025-03-13T00:26:11","guid":{"rendered":"https:\/\/aprimora.site\/carvalhoalmeidaadvogados\/2025\/03\/12\/mantida-justa-causa-de-trabalhador-que-atirou-cafe-quente-em-colega-durante-discussao-em-servico\/"},"modified":"2025-03-12T21:26:11","modified_gmt":"2025-03-13T00:26:11","slug":"mantida-justa-causa-de-trabalhador-que-atirou-cafe-quente-em-colega-durante-discussao-em-servico","status":"publish","type":"post","link":"https:\/\/aprimora.site\/carvalhoalmeidaadvogados\/2025\/03\/12\/mantida-justa-causa-de-trabalhador-que-atirou-cafe-quente-em-colega-durante-discussao-em-servico\/","title":{"rendered":"Mantida justa causa de trabalhador que atirou caf\u00e9 quente em colega durante discuss\u00e3o em servi\u00e7o"},"content":{"rendered":"<p><span>Mantida justa causa de trabalhador que atirou caf\u00e9 quente em colega durante discuss\u00e3o em servi\u00e7o<\/span><\/p>\n<div>  <a href=\"https:\/\/trt15.jus.br\/noticia\/2025\/mantida-justa-causa-de-trabalhador-que-atirou-cafe-quente-em-colega-durante-discussao\"><\/a>\n<\/div>\n<p><span><span>anasiqueira<\/span><\/span><\/p>\n<p><span>Qua, 12\/03\/2025 &#8211; 18:26<\/span><\/p>\n<div>\n<div>Mantida justa causa de trabalhador que atirou caf\u00e9 quente em colega durante discuss\u00e3o em servi\u00e7o<\/div>\n<\/div>\n<div>\n<div class=\"visually-hidden\">Conte\u00fado da Not\u00edcia<\/div>\n<div>\n<p>A 7\u00aa C\u00e2mara do Tribunal Regional do Trabalho da 15\u00aa Regi\u00e3o manteve a justa causa aplicada a um trabalhador demitido por atirar caf\u00e9 quente no colega, durante uma discuss\u00e3o. Em primeiro grau, o Ju\u00edzo do Posto Avan\u00e7ado de S\u00e3o Jo\u00e3o da Boa Vista em Esp\u00edrito Santo do Pinhal havia afastado a justa causa, condenando a empresa ao pagamento das verbas rescis\u00f3rias e honor\u00e1rios advocat\u00edcios.<\/p>\n<p>A empresa, uma f\u00e1brica de autope\u00e7as e acess\u00f3rios, recorreu, pedindo a reforma da senten\u00e7a para que a justa causa fosse mantida, afastando as condena\u00e7\u00f5es pecuni\u00e1rias impostas. Em suas alega\u00e7\u00f5es, afirmou que \u201co fato de o reclamante lan\u00e7ar caf\u00e9 quente em outro funcion\u00e1rio foi desproporcional e n\u00e3o pode ser considerado defesa leg\u00edtima\u201d. Segundo ela, o incidente, ocorrido ap\u00f3s uma discuss\u00e3o e agress\u00e3o m\u00fatua entre dois funcion\u00e1rios, \u201cabalou a necess\u00e1ria fid\u00facia presente no v\u00ednculo de emprego, levando \u00e0 rescis\u00e3o do contrato por justa causa, com base no art. 482, al\u00ednea &#8220;j&#8221;, da CLT\u201d. A empresa tamb\u00e9m realizou uma apura\u00e7\u00e3o dos fatos e concluiu que ambos os envolvidos agiram de forma inaceit\u00e1vel no ambiente de trabalho e por isso foram dispensados.\u00a0<\/p>\n<p>Segundo constou dos autos, no dia 8\/8\/2023, dois funcion\u00e1rios desentenderam-se numa conversa de corredor, e acabaram trocando agress\u00f5es f\u00edsicas, com tapas em um e soco nas costas no outro, e este arremessou no colega o caf\u00e9 quente que trazia num copo pl\u00e1stico. Ele alegou que o ato foi em leg\u00edtima defesa.<\/p>\n<p>Para o relator do ac\u00f3rd\u00e3o, desembargador Marcelo Magalh\u00e3es Rufino, \u201co arremesso de caf\u00e9 em outra pessoa n\u00e3o induz \u00e0 conclus\u00e3o de que se trate de leg\u00edtima defesa, mas sim de uma agress\u00e3o\u00b4\u201d. Al\u00e9m disso, a conduta \u201cextrapola os limites do bom senso e da conviv\u00eancia em ambiente de trabalho\u201d.<br \/>\nO colegiado reconheceu que o trabalhador que atirou o caf\u00e9 reagiu a uma agress\u00e3o inicial do colega de trabalho, mas considerou a atitude \u201cclaramente desproporcional\u201d, podendo causar s\u00e9rias les\u00f5es, e lembrou que a defesa leg\u00edtima, nos termos do art. 188, I, do C\u00f3digo Civil, \u201cexige que a ocorr\u00eancia seja moderada e proporcional \u00e0 agress\u00e3o sofrida\u201d. Ele n\u00e3o conseguiu provar que o mencionado ato praticado se deu em leg\u00edtima defesa mas, ao contr\u00e1rio, \u201ca prova dos autos evidencia que o reclamante reagiu de maneira excessiva e desarrazoada, o que afastou a justificativa\u201d e \u201co conjunto probat\u00f3rio indica que a conduta do autor possui gravidade suficiente a ensejar o rompimento do contrato de trabalho por justa causa\u201d, ressaltou o ac\u00f3rd\u00e3o, que tamb\u00e9m designou a conduta como \u201cfaltosa t\u00edpica, revestida de gravidade suficiente para justificar a justa causa, haja vista a \u00f3bvia quebra de fid\u00facia (confian\u00e7a) que deve permear a rela\u00e7\u00e3o de emprego\u201d.<\/p>\n<p>At\u00e9 mesmo o fato de o trabalhador nunca ter sido punido \u201cn\u00e3o afasta a gravidade do ato praticado e quebra da fid\u00facia\u201d, afirmou o colegiado, e porque a justa causa para a rescis\u00e3o foi aplicada t\u00e3o logo os fatos foram verificados configurando a imediatidade, \u201cos pedidos de pagamento das verbas rescis\u00f3rias pr\u00f3prias da demiss\u00e3o sem justa causa merecem ser afastados\u201d, concluiu. (Processo 0010223-28.2024.5.15.0034)<\/p>\n<\/div><\/div>\n<div>\n<div>Unidade Respons\u00e1vel:<\/div>\n<div>Comunica\u00e7\u00e3o Social<\/div>\n<\/div>\n<div>Qua, 12\/03\/2025 &#8211; 18:26<\/div>\n<p>      <span class=\"a2a_kit a2a_kit_size_16 addtoany_list\"><a class=\"a2a_dd addtoany_share\" href=\"https:\/\/www.addtoany.com\/share#url=https%3A%2F%2Ftrt15.jus.br%2Fnoticia%2F2025%2Fmantida-justa-causa-de-trabalhador-que-atirou-cafe-quente-em-colega-durante-discussao&amp;title=Mantida%20justa%20causa%20de%20trabalhador%20que%20atirou%20caf%C3%A9%20quente%20em%20colega%20durante%20discuss%C3%A3o%20em%20servi%C3%A7o\"><\/a><a class=\"a2a_button_whatsapp\"><\/a><a class=\"a2a_button_google_gmail\"><\/a><a class=\"a2a_button_twitter\"><\/a><a class=\"a2a_button_facebook\"><\/a><a class=\"a2a_button_linkedin\"><\/a><\/span><\/p>","protected":false},"excerpt":{"rendered":"<p>Mantida justa causa de trabalhador que atirou caf\u00e9 quente em colega durante discuss\u00e3o em servi\u00e7o anasiqueira Qua, 12\/03\/2025 &#8211; 18:26 Mantida justa causa de trabalhador que atirou caf\u00e9 quente em colega durante discuss\u00e3o em servi\u00e7o Conte\u00fado da Not\u00edcia A 7\u00aa C\u00e2mara do Tribunal Regional do Trabalho da 15\u00aa Regi\u00e3o manteve a justa causa aplicada a [&hellip;]<\/p>\n","protected":false},"author":0,"featured_media":9508,"comment_status":"open","ping_status":"open","sticky":false,"template":"","format":"standard","meta":[],"categories":[1],"tags":[],"_links":{"self":[{"href":"https:\/\/aprimora.site\/carvalhoalmeidaadvogados\/wp-json\/wp\/v2\/posts\/9507"}],"collection":[{"href":"https:\/\/aprimora.site\/carvalhoalmeidaadvogados\/wp-json\/wp\/v2\/posts"}],"about":[{"href":"https:\/\/aprimora.site\/carvalhoalmeidaadvogados\/wp-json\/wp\/v2\/types\/post"}],"replies":[{"embeddable":true,"href":"https:\/\/aprimora.site\/carvalhoalmeidaadvogados\/wp-json\/wp\/v2\/comments?post=9507"}],"version-history":[{"count":0,"href":"https:\/\/aprimora.site\/carvalhoalmeidaadvogados\/wp-json\/wp\/v2\/posts\/9507\/revisions"}],"wp:featuredmedia":[{"embeddable":true,"href":"https:\/\/aprimora.site\/carvalhoalmeidaadvogados\/wp-json\/wp\/v2\/media\/9508"}],"wp:attachment":[{"href":"https:\/\/aprimora.site\/carvalhoalmeidaadvogados\/wp-json\/wp\/v2\/media?parent=9507"}],"wp:term":[{"taxonomy":"category","embeddable":true,"href":"https:\/\/aprimora.site\/carvalhoalmeidaadvogados\/wp-json\/wp\/v2\/categories?post=9507"},{"taxonomy":"post_tag","embeddable":true,"href":"https:\/\/aprimora.site\/carvalhoalmeidaadvogados\/wp-json\/wp\/v2\/tags?post=9507"}],"curies":[{"name":"wp","href":"https:\/\/api.w.org\/{rel}","templated":true}]}}