{"id":9250,"date":"2025-02-27T02:30:07","date_gmt":"2025-02-27T05:30:07","guid":{"rendered":"https:\/\/aprimora.site\/carvalhoalmeidaadvogados\/2025\/02\/27\/marinho-atribui-queda-da-criacao-de-empregos-a-alta-na-taxa-de-juros\/"},"modified":"2025-02-27T02:30:07","modified_gmt":"2025-02-27T05:30:07","slug":"marinho-atribui-queda-da-criacao-de-empregos-a-alta-na-taxa-de-juros","status":"publish","type":"post","link":"https:\/\/aprimora.site\/carvalhoalmeidaadvogados\/2025\/02\/27\/marinho-atribui-queda-da-criacao-de-empregos-a-alta-na-taxa-de-juros\/","title":{"rendered":"Marinho atribui queda da cria\u00e7\u00e3o de empregos \u00e0 alta na taxa de juros"},"content":{"rendered":"<p>O ministro do Trabalho e Emprego (MTE), <a href=\"https:\/\/www.jota.info\/tudo-sobre\/luiz-marinho\">Luiz Marinho<\/a>, atribuiu a queda de 20% na gera\u00e7\u00e3o de empregos em janeiro \u00e0 <a href=\"https:\/\/www.jota.info\/stf\/do-supremo\/fachin-nega-seguimento-a-acao-do-pdt-contra-aumento-da-taxa-selic-pelo-banco-central\">alta na Taxa Selic<\/a> pelo Banco Central (BC) que se iniciou em dezembro.<\/p>\n<p>Questionado pelo <strong><span class=\"jota\">JOTA<\/span><\/strong>, Marinho salientou que o aumento dos juros freia investimentos e \u201cestrangula\u201d o or\u00e7amento do governo, al\u00e9m de inibir o crescimento da economia em 2025. O ministro defendeu controlar a infla\u00e7\u00e3o atrav\u00e9s da oferta, produzindo mais, em vez de aumentar juros que, por consequ\u00eancia, diminui a capacidade de consumo da popula\u00e7\u00e3o. Como fazer isso, por\u00e9m, ele n\u00e3o explicou.<\/p>\n<h3><a href=\"https:\/\/conteudo.jota.info\/marketing-lp-newsletter-ultimas-noticias?utm_source=jota&amp;utm_medium=lp&amp;utm_campaign=23-09-2024-jota-lp-eleicoes-2024-eleicoes-2024-none-audiencias-none&amp;utm_content=eleicoes-2024&amp;utm_term=none\"><span>Assine gratuitamente a newsletter \u00daltimas Not\u00edcias do <span class=\"jota\">JOTA<\/span> e receba as principais not\u00edcias jur\u00eddicas e pol\u00edticas do dia no seu email<\/span><\/a><\/h3>\n<p>O Brasil criou 137.303 postos de trabalho em janeiro de 2025, 20% menor do que em janeiro do ano passado. O resultado, por\u00e9m, veio acima das expectativas dos agentes de mercado, que nas \u00faltimas semanas variaram de 50 mil a 100 mil vagas. E indica que o desaquecimento da economia \u00e9 menos intenso do que o setor financeiro entende como necess\u00e1rio para derrubar a infla\u00e7\u00e3o.<\/p>\n<p>Marinho acusou o mercado de apostar contra o Brasil e sinalizou que essa alta indicada pelo BC foi para \u201catender as \u00e2nsias do mercado\u201d. Segundo ele, h\u00e1 uma cren\u00e7a no governo de que a economia brasileira continuar\u00e1 crescendo, apesar do aumento de juros realizado pelo BC.<\/p>\n<p>Ele criticou o que considera falta um alinhamento entre os est\u00edmulos do governo via cr\u00e9dito na economia e a pol\u00edtica monet\u00e1ria do BC. A harmoniza\u00e7\u00e3o defendida pelo ministro vai em dire\u00e7\u00e3o oposta ao que o BC tem defendido, que \u00e9 de reduzir est\u00edmulos para baixar a infla\u00e7\u00e3o.<\/p>\n<h3>Saque-anivers\u00e1rio do FGTS<\/h3>\n<p>Ao esclarecer sobre a medida provis\u00f3ria, que ser\u00e1 publicada nesta sexta-feira (28\/2), Marinho explicou que o <a href=\"https:\/\/www.jota.info\/executivo\/liberacao-de-fgts-renova-temores-de-que-governo-nao-aceitara-desaceleracao-da-atividade\">pagamento do saldo retido do FGTS<\/a> se dar\u00e1 em parcelas. O montante de R$ 12 bilh\u00f5es ser\u00e1 pago no dia 6 de mar\u00e7o para quem possui at\u00e9 R$ 3 mil. Para quem tem um saldo maior do que este valor, receber\u00e1 o pagamento 110 dias depois, em julho. Estima-se que do valor total, metade, ou seja, em torno de R$ 6 bilh\u00f5es, j\u00e1 seja injetado na economia neste primeiro momento, o que dilui um pouco a contradi\u00e7\u00e3o com o momento de alta da infla\u00e7\u00e3o nesse momento.<\/p>\n<p>Ao ser questionado sobre o fim da modalidade, pleito do ministro desde o in\u00edcio do governo, Marinho admitiu que n\u00e3o h\u00e1 um ambiente para levar a proposta adiante e indicou o Congresso como principal impedimento. \u201cHoje o presidente da C\u00e2mara foi o relator deste projeto no Congresso durante o governo anterior\u201d, disse.<\/p>\n<h3>Consignado privado<\/h3>\n<p>O ministro afirmou que a medida provis\u00f3ria que vai <a href=\"https:\/\/www.jota.info\/executivo\/fala-de-lula-sobre-bancos-publicos-mira-consignado-privado-e-renovacao-de-linhas-atuais\">ampliar o cr\u00e9dito consignado privado<\/a> ser\u00e1 publicada na semana ap\u00f3s o Carnaval. A medida \u00e9 uma das apostas do governo para baratear o cr\u00e9dito e ampliar a renda das fam\u00edlias, sobretudo em 2026.<\/p>","protected":false},"excerpt":{"rendered":"<p>O ministro do Trabalho e Emprego (MTE), Luiz Marinho, atribuiu a queda de 20% na gera\u00e7\u00e3o de empregos em janeiro \u00e0 alta na Taxa Selic pelo Banco Central (BC) que se iniciou em dezembro. Questionado pelo JOTA, Marinho salientou que o aumento dos juros freia investimentos e \u201cestrangula\u201d o or\u00e7amento do governo, al\u00e9m de inibir [&hellip;]<\/p>\n","protected":false},"author":0,"featured_media":0,"comment_status":"open","ping_status":"open","sticky":false,"template":"","format":"standard","meta":[],"categories":[1],"tags":[],"_links":{"self":[{"href":"https:\/\/aprimora.site\/carvalhoalmeidaadvogados\/wp-json\/wp\/v2\/posts\/9250"}],"collection":[{"href":"https:\/\/aprimora.site\/carvalhoalmeidaadvogados\/wp-json\/wp\/v2\/posts"}],"about":[{"href":"https:\/\/aprimora.site\/carvalhoalmeidaadvogados\/wp-json\/wp\/v2\/types\/post"}],"replies":[{"embeddable":true,"href":"https:\/\/aprimora.site\/carvalhoalmeidaadvogados\/wp-json\/wp\/v2\/comments?post=9250"}],"version-history":[{"count":0,"href":"https:\/\/aprimora.site\/carvalhoalmeidaadvogados\/wp-json\/wp\/v2\/posts\/9250\/revisions"}],"wp:attachment":[{"href":"https:\/\/aprimora.site\/carvalhoalmeidaadvogados\/wp-json\/wp\/v2\/media?parent=9250"}],"wp:term":[{"taxonomy":"category","embeddable":true,"href":"https:\/\/aprimora.site\/carvalhoalmeidaadvogados\/wp-json\/wp\/v2\/categories?post=9250"},{"taxonomy":"post_tag","embeddable":true,"href":"https:\/\/aprimora.site\/carvalhoalmeidaadvogados\/wp-json\/wp\/v2\/tags?post=9250"}],"curies":[{"name":"wp","href":"https:\/\/api.w.org\/{rel}","templated":true}]}}