{"id":9147,"date":"2025-02-20T15:48:57","date_gmt":"2025-02-20T18:48:57","guid":{"rendered":"https:\/\/aprimora.site\/carvalhoalmeidaadvogados\/2025\/02\/20\/evento-on-line-do-pacto-ninguem-se-cala-nesta-sexta-feira-abordara-boas-praticas-e-carnaval\/"},"modified":"2025-02-20T15:48:57","modified_gmt":"2025-02-20T18:48:57","slug":"evento-on-line-do-pacto-ninguem-se-cala-nesta-sexta-feira-abordara-boas-praticas-e-carnaval","status":"publish","type":"post","link":"https:\/\/aprimora.site\/carvalhoalmeidaadvogados\/2025\/02\/20\/evento-on-line-do-pacto-ninguem-se-cala-nesta-sexta-feira-abordara-boas-praticas-e-carnaval\/","title":{"rendered":"Evento on-line do Pacto Ningu\u00e9m se Cala nesta sexta-feira abordar\u00e1 boas pr\u00e1ticas e carnaval"},"content":{"rendered":"<p><span>Evento on-line do Pacto Ningu\u00e9m se Cala nesta sexta-feira abordar\u00e1 boas pr\u00e1ticas e carnaval<\/span><\/p>\n<div>  <a href=\"https:\/\/trt15.jus.br\/noticia\/2025\/evento-line-do-pacto-ninguem-se-cala-nesta-sexta-feira-abordara-boas-praticas-e\"><\/a>\n<\/div>\n<p><span><span>anasiqueira<\/span><\/span><\/p>\n<p><span>Qui, 20\/02\/2025 &#8211; 12:48<\/span><\/p>\n<div>\n<div>Evento on-line do Pacto Ningu\u00e9m se Cala nesta sexta-feira abordar\u00e1 boas pr\u00e1ticas e carnaval<\/div>\n<\/div>\n<div>\n<div class=\"visually-hidden\">Conte\u00fado da Not\u00edcia<\/div>\n<div>\n<p>O evento \u201cPacto Ningu\u00e9m se Cala \u00e0 Pr\u00e1tica: boas pr\u00e1ticas e carnaval\u201d busca compartilhar boas pr\u00e1ticas implementadas pelos aderentes do Pacto, planejar a\u00e7\u00f5es preventivas para o Carnaval e fortalecer a colabora\u00e7\u00e3o interinstitucional. O evento, exclusivamente on-line, ocorre nesta sexta-feira, dia 21\/2, das 9h \u00e0s 12h30. Gratuito e aberto ao p\u00fablico.\u00a0<\/p>\n<p>Iniciativa do Minist\u00e9rio P\u00fablico do Estado de S\u00e3o Paulo e do Minist\u00e9rio P\u00fablico do Trabalho da 15\u00aa Regi\u00e3o, o\u00a0\u00a0Pacto Ningu\u00e9m se Cala visa incentivar a conscientiza\u00e7\u00e3o do enfrentamento da viol\u00eancia contra a mulher. O Tribunal Regional do Trabalho da 15\u00aa Regi\u00e3o oficializou a ades\u00e3o ao pacto em abril de 2024, juntamente com a Associa\u00e7\u00e3o Atl\u00e9tica Ponte Preta, o Guarani Futebol Clube, a Universidade Estadual de Campinas (Unicamp) e a Universidade Estadual Paulista \u201cJ\u00falio de Mesquita Filho\u201d (Unesp).<\/p>\n<p><strong>Programa\u00e7\u00e3o<\/strong><\/p>\n<p>21\/fev<\/p>\n<p>9h \u2013 Abertura<\/p>\n<p><strong>09h30 \u2013 Boas Pr\u00e1ticas de A\u00e7\u00f5es do Pacto (Parte I)<\/strong><\/p>\n<p>Ana Addobbati<\/p>\n<p>CEO e fundadora da Livre de Ass\u00e9dio<\/p>\n<p>Marta Li\u0301via Suplicy<\/p>\n<p>Militante pelo empoderamento feminino e poli\u0301ticas pu\u0301blicas para mulheres | Presidente da Virada Feminina<\/p>\n<p>Ricardo Dias<\/p>\n<p>Presidente da Associa\u00e7\u00e3o Brasileira de Eventos (Abrafesta)<\/p>\n<p><strong>10h20 \u2013 Boas Pr\u00e1ticas de A\u00e7\u00f5es do Pacto (Parte II)<\/strong><\/p>\n<p>Val\u00e9ria Bolsonaro<\/p>\n<p>Secret\u00e1ria de Pol\u00edticas para as Mulheres do Estado de S\u00e3o Paulo<\/p>\n<p>Neudir Sudatti<\/p>\n<p>Presidente Conselho Municipal da Mulher de Itapecerica da Serra<\/p>\n<p>Regina C\u00e9lia da Silveira Santana<\/p>\n<p>Secret\u00e1ria Municipal de Direitos Humanos e Cidadania da cidade de S\u00e3o Paulo<\/p>\n<p><strong>10h50 \u2013 Boas Pr\u00e1ticas de A\u00e7\u00f5es do Pacto (Parte III)<\/strong><\/p>\n<p>Cleonice Caetano Souza<\/p>\n<p>Vice-Presidenta Nacional da Uni\u00e3o Geral dos Trabalhadores (UGT)<\/p>\n<p>Talita Garcez<\/p>\n<p>Advogada | Coordenadora do departamento jur\u00eddico da Associa\u00e7\u00e3o Atl\u00e9tica Ponte Preta<\/p>\n<p>Fl\u00e1via Muchon Teixeira Basso<\/p>\n<p>Coordenadora de Compliance do Grupo Petr\u00f3polis<\/p>\n<p>Rafaela Cipriano Ara\u00fajo<\/p>\n<p>Coordenadora de Marketing do Grupo Petrop\u00f3lis<\/p>\n<p>Silvana Trevisan<\/p>\n<p>Assistente social | Respons\u00e1vel pela \u00e1rea social do Sindicato de Atletas do Estado de S\u00e3o Paulo<\/p>\n<p>Sander Truvilho Perez<\/p>\n<p>Advogado | Assistente Jur\u00eddico no Sindicato dos Profissionais de Educa\u00e7\u00e3o F\u00edsica do Estado de S\u00e3o Paulo<\/p>\n<p>Fernanda Aparecida Gon\u00e7alves Perregil<\/p>\n<p>S\u00f3cia e cofundadora da Associa\u00e7\u00e3o Brasileira de Mulheres LBTIs \u2013 ABMLBTI<\/p>\n<p><strong>12h00 \u00e0s 12h10 \u2013 Discuss\u00e3o Orientada<\/strong><\/p>\n<p><strong>12h10 \u00e0s 12h20 \u2013 Encerramento<\/strong><\/p>\n<p><strong>Servi\u00e7o:<\/strong><\/p>\n<p>\ud83d\uddd3\ufe0f Dia 21\/2, das 9h \u00e0s 12h30\u00a0\u00a0<\/p>\n<p>\ud83d\udc64 Aberto ao p\u00fablico<\/p>\n<p>\ud83d\udcfa YouTube da ESMPSP<\/p>\n<p>\u270d\ufe0f <a href=\"https:\/\/trt15.jus.br\/esmp.mpsp.mp.br\/w\/pacto-ninguem-se-cala-25\">Inscreva-se.\u00a0<\/a><\/p>\n<p>\u2139\ufe0f Mais informa\u00e7\u00f5es: esmp-eventos@mpsp.mp.br\u00a0<\/p>\n<\/div><\/div>\n<div>\n<div>Unidade Respons\u00e1vel:<\/div>\n<div>Comunica\u00e7\u00e3o Social<\/div>\n<\/div>\n<div>Qui, 20\/02\/2025 &#8211; 12:48<\/div>\n<p>      <span class=\"a2a_kit a2a_kit_size_16 addtoany_list\"><a class=\"a2a_dd addtoany_share\" href=\"https:\/\/www.addtoany.com\/share#url=https%3A%2F%2Ftrt15.jus.br%2Fnoticia%2F2025%2Fevento-line-do-pacto-ninguem-se-cala-nesta-sexta-feira-abordara-boas-praticas-e&amp;title=Evento%20on-line%20do%20Pacto%20Ningu%C3%A9m%20se%20Cala%20nesta%20sexta-feira%20abordar%C3%A1%20boas%20pr%C3%A1ticas%20e%20carnaval\"><\/a><a class=\"a2a_button_whatsapp\"><\/a><a class=\"a2a_button_google_gmail\"><\/a><a class=\"a2a_button_twitter\"><\/a><a class=\"a2a_button_facebook\"><\/a><a class=\"a2a_button_linkedin\"><\/a><\/span><\/p>","protected":false},"excerpt":{"rendered":"<p>Evento on-line do Pacto Ningu\u00e9m se Cala nesta sexta-feira abordar\u00e1 boas pr\u00e1ticas e carnaval anasiqueira Qui, 20\/02\/2025 &#8211; 12:48 Evento on-line do Pacto Ningu\u00e9m se Cala nesta sexta-feira abordar\u00e1 boas pr\u00e1ticas e carnaval Conte\u00fado da Not\u00edcia O evento \u201cPacto Ningu\u00e9m se Cala \u00e0 Pr\u00e1tica: boas pr\u00e1ticas e carnaval\u201d busca compartilhar boas pr\u00e1ticas implementadas pelos aderentes [&hellip;]<\/p>\n","protected":false},"author":0,"featured_media":9148,"comment_status":"open","ping_status":"open","sticky":false,"template":"","format":"standard","meta":[],"categories":[1],"tags":[],"_links":{"self":[{"href":"https:\/\/aprimora.site\/carvalhoalmeidaadvogados\/wp-json\/wp\/v2\/posts\/9147"}],"collection":[{"href":"https:\/\/aprimora.site\/carvalhoalmeidaadvogados\/wp-json\/wp\/v2\/posts"}],"about":[{"href":"https:\/\/aprimora.site\/carvalhoalmeidaadvogados\/wp-json\/wp\/v2\/types\/post"}],"replies":[{"embeddable":true,"href":"https:\/\/aprimora.site\/carvalhoalmeidaadvogados\/wp-json\/wp\/v2\/comments?post=9147"}],"version-history":[{"count":0,"href":"https:\/\/aprimora.site\/carvalhoalmeidaadvogados\/wp-json\/wp\/v2\/posts\/9147\/revisions"}],"wp:featuredmedia":[{"embeddable":true,"href":"https:\/\/aprimora.site\/carvalhoalmeidaadvogados\/wp-json\/wp\/v2\/media\/9148"}],"wp:attachment":[{"href":"https:\/\/aprimora.site\/carvalhoalmeidaadvogados\/wp-json\/wp\/v2\/media?parent=9147"}],"wp:term":[{"taxonomy":"category","embeddable":true,"href":"https:\/\/aprimora.site\/carvalhoalmeidaadvogados\/wp-json\/wp\/v2\/categories?post=9147"},{"taxonomy":"post_tag","embeddable":true,"href":"https:\/\/aprimora.site\/carvalhoalmeidaadvogados\/wp-json\/wp\/v2\/tags?post=9147"}],"curies":[{"name":"wp","href":"https:\/\/api.w.org\/{rel}","templated":true}]}}