{"id":9107,"date":"2025-02-20T10:43:18","date_gmt":"2025-02-20T13:43:18","guid":{"rendered":"https:\/\/aprimora.site\/carvalhoalmeidaadvogados\/2025\/02\/20\/durante-gritaria-no-plenario-da-camara-hugo-motta-diz-nao-ser-presidente-frouxo\/"},"modified":"2025-02-20T10:43:18","modified_gmt":"2025-02-20T13:43:18","slug":"durante-gritaria-no-plenario-da-camara-hugo-motta-diz-nao-ser-presidente-frouxo","status":"publish","type":"post","link":"https:\/\/aprimora.site\/carvalhoalmeidaadvogados\/2025\/02\/20\/durante-gritaria-no-plenario-da-camara-hugo-motta-diz-nao-ser-presidente-frouxo\/","title":{"rendered":"Durante gritaria no Plen\u00e1rio da C\u00e2mara, Hugo Motta diz n\u00e3o ser \u2018presidente frouxo\u2019"},"content":{"rendered":"<p><span>Ainda no primeiro m\u00eas na presid\u00eancia da C\u00e2mara, o deputado Hugo Motta (Republicanos-PB) foi duro durante sess\u00e3o da Casa ao recha\u00e7ar uma gritaria, entre governistas e oposi\u00e7\u00e3o, que interrompeu o andamento dos trabalhos nesta quarta-feira (19\/2). Ele afirmou que n\u00e3o \u00e9 um presidente \u201cfrouxo\u201d e disse que o Parlamento n\u00e3o aceitar\u00e1 agress\u00f5es. O presidente tamb\u00e9m proibiu a entrada de cartazes no Plen\u00e1rio da C\u00e2mara e de parlamentares em desacordo com os c\u00f3digos de vestimenta da Casa.\u00a0<\/span><\/p>\n<h3><a href=\"https:\/\/conteudo.jota.info\/marketing-lp-newsletter-ultimas-noticias?utm_source=jota&amp;utm_medium=lp&amp;utm_campaign=23-09-2024-jota-lp-eleicoes-2024-eleicoes-2024-none-audiencias-none&amp;utm_content=eleicoes-2024&amp;utm_term=none\">Assine a newsletter \u00daltimas Not\u00edcias do <span class=\"jota\">JOTA<\/span> e receba as principais not\u00edcias jur\u00eddicas e pol\u00edticas do dia por email<\/a><\/h3>\n<p><span>\u201cEntendo o ambiente turbulento pol\u00edtico que o pa\u00eds enfrenta diante dos \u00faltimos acontecimentos, mas quero dizer que, se Vossas Excel\u00eancias est\u00e3o confundindo esse presidente como uma pessoa paciente, como uma pessoa serena com um presidente frouxo, voc\u00eas ainda n\u00e3o me conhecem. Ou esse Plen\u00e1rio se dignifica de estar aqui representando o povo ou n\u00f3s n\u00e3o merecemos estar aqui. Aqui n\u00e3o \u00e9 o jardim da inf\u00e2ncia\u201d, disse o presidente.\u00a0<\/span><\/p>\n<p><span>Hugo Motta \u00e9 conhecido por ter um perfil mais conciliador do que o do antecessor Arthur Lira, mas assumiu uma postura mais dura ap\u00f3s parlamentares bolsonaristas, que se manifestavam a favor do projeto da anistia, e deputados governistas, que comentavam a den\u00fancia contra o ex-presidente <a href=\"https:\/\/www.jota.info\/eleicoes\/jair-bolsonaro-a-trajetoria-militar-e-politica-do-presidente-que-busca-a-reeleicao\">Jair Bolsonaro<\/a>, travarem uma guerra de gritos e cartazes no Plen\u00e1rio da Casa.\u00a0<\/span><\/p>\n<p><span>Hugo Motta disse que j\u00e1 houve epis\u00f3dios \u201ctristes\u201d relativos ao decoro parlamentar. \u201cO presidente Arthur [Lira] foi combativo. N\u00f3s seremos um pouco mais\u201d, refor\u00e7ou.\u00a0<\/span><\/p>\n<h3><a href=\"https:\/\/www.jota.info\/produtos\/poder?utm_source=cta-site&amp;utm_medium=site&amp;utm_campaign=campanha_poder_q2&amp;utm_id=cta_texto_poder_q2_2023&amp;utm_term=cta_texto_poder&amp;utm_term=cta_texto_poder_meio_materias\"><span>Conhe\u00e7a o <span class=\"jota\">JOTA<\/span> PRO Poder, plataforma de monitoramento que oferece transpar\u00eancia e previsibilidade para empresas<\/span><span><br \/>\n<\/span><\/a><\/h3>\n<p><span>A sess\u00e3o desta quarta-feira (19\/2) era presidida pela deputada Delegada Katarina (PSD-SE), que ocupa a 3\u00aa Secretaria da mesa. Ap\u00f3s os embates, ela precisou suspender a sess\u00e3o, uma vez que ficou impossibilitada de conduzir os trabalhos diante do clima de animosidade na Casa. Hugo Motta foi chamado a retornar \u00e0 Mesa e repreendeu os parlamentares.\u00a0<\/span><\/p>\n<p><span>O l\u00edder do PT na C\u00e2mara, deputado Lindberg Farias (PT-RJ), tentava fazer o uso da palavra na tribuna, mas foi constantemente interrompido por gritos da oposi\u00e7\u00e3o.\u00a0<\/span><\/p>\n<p><span>O presidente afirmou que o parlamentar que estiver preocupado em \u201cagredir colega para aparecer\u201d, n\u00e3o ter\u00e1 da presid\u00eancia \u201cnenhuma complac\u00eancia\u201d.\u00a0<\/span><\/p>\n<p><span>\u201cEsse presidente n\u00e3o retroceder\u00e1 nesse sentido. Ent\u00e3o os senhores est\u00e3o avisados, est\u00e3o comunicados e saberei exercer a presid\u00eancia com o poder que ela tem, saibam disso, saberei exercer a presid\u00eancia com o poder que ela tem\u201d, declarou.\u00a0<\/span><\/p>\n<p><span>Hugo Motta tamb\u00e9m prestou solidariedade e pediu desculpas pelo desrespeito \u00e0 deputada Delegada Katarina, que voltou a presidir a sess\u00e3o da Casa. \u201cPe\u00e7o tamb\u00e9m em nome da Casa, delegada Katarina, as minhas desculpas e desculpas por tudo que aconteceu aqui durante a sua condu\u00e7\u00e3o. Voc\u00ea tem a nossa total e irrestrita solidariedade e, todas as vezes que estiver aqui sentada, estar\u00e1 por n\u00f3s apoiada para conduzir os trabalhos\u201d, disse o presidente.\u00a0<\/span><\/p>","protected":false},"excerpt":{"rendered":"<p>Ainda no primeiro m\u00eas na presid\u00eancia da C\u00e2mara, o deputado Hugo Motta (Republicanos-PB) foi duro durante sess\u00e3o da Casa ao recha\u00e7ar uma gritaria, entre governistas e oposi\u00e7\u00e3o, que interrompeu o andamento dos trabalhos nesta quarta-feira (19\/2). Ele afirmou que n\u00e3o \u00e9 um presidente \u201cfrouxo\u201d e disse que o Parlamento n\u00e3o aceitar\u00e1 agress\u00f5es. O presidente tamb\u00e9m [&hellip;]<\/p>\n","protected":false},"author":0,"featured_media":0,"comment_status":"open","ping_status":"open","sticky":false,"template":"","format":"standard","meta":[],"categories":[1],"tags":[],"_links":{"self":[{"href":"https:\/\/aprimora.site\/carvalhoalmeidaadvogados\/wp-json\/wp\/v2\/posts\/9107"}],"collection":[{"href":"https:\/\/aprimora.site\/carvalhoalmeidaadvogados\/wp-json\/wp\/v2\/posts"}],"about":[{"href":"https:\/\/aprimora.site\/carvalhoalmeidaadvogados\/wp-json\/wp\/v2\/types\/post"}],"replies":[{"embeddable":true,"href":"https:\/\/aprimora.site\/carvalhoalmeidaadvogados\/wp-json\/wp\/v2\/comments?post=9107"}],"version-history":[{"count":0,"href":"https:\/\/aprimora.site\/carvalhoalmeidaadvogados\/wp-json\/wp\/v2\/posts\/9107\/revisions"}],"wp:attachment":[{"href":"https:\/\/aprimora.site\/carvalhoalmeidaadvogados\/wp-json\/wp\/v2\/media?parent=9107"}],"wp:term":[{"taxonomy":"category","embeddable":true,"href":"https:\/\/aprimora.site\/carvalhoalmeidaadvogados\/wp-json\/wp\/v2\/categories?post=9107"},{"taxonomy":"post_tag","embeddable":true,"href":"https:\/\/aprimora.site\/carvalhoalmeidaadvogados\/wp-json\/wp\/v2\/tags?post=9107"}],"curies":[{"name":"wp","href":"https:\/\/api.w.org\/{rel}","templated":true}]}}