{"id":9085,"date":"2025-02-19T08:17:40","date_gmt":"2025-02-19T11:17:40","guid":{"rendered":"https:\/\/aprimora.site\/carvalhoalmeidaadvogados\/2025\/02\/19\/itaipu-binacional-nao-se-sujeita-a-lei-das-estatais\/"},"modified":"2025-02-19T08:17:40","modified_gmt":"2025-02-19T11:17:40","slug":"itaipu-binacional-nao-se-sujeita-a-lei-das-estatais","status":"publish","type":"post","link":"https:\/\/aprimora.site\/carvalhoalmeidaadvogados\/2025\/02\/19\/itaipu-binacional-nao-se-sujeita-a-lei-das-estatais\/","title":{"rendered":"Itaipu Binacional n\u00e3o se sujeita \u00e0 Lei das Estatais"},"content":{"rendered":"<p>Itaipu Binacional n\u00e3o se sujeita \u00e0 Lei das Estatais<\/p>","protected":false},"excerpt":{"rendered":"<p>Itaipu Binacional n\u00e3o se sujeita \u00e0 Lei das Estatais<\/p>\n","protected":false},"author":0,"featured_media":0,"comment_status":"open","ping_status":"open","sticky":false,"template":"","format":"standard","meta":[],"categories":[1],"tags":[],"_links":{"self":[{"href":"https:\/\/aprimora.site\/carvalhoalmeidaadvogados\/wp-json\/wp\/v2\/posts\/9085"}],"collection":[{"href":"https:\/\/aprimora.site\/carvalhoalmeidaadvogados\/wp-json\/wp\/v2\/posts"}],"about":[{"href":"https:\/\/aprimora.site\/carvalhoalmeidaadvogados\/wp-json\/wp\/v2\/types\/post"}],"replies":[{"embeddable":true,"href":"https:\/\/aprimora.site\/carvalhoalmeidaadvogados\/wp-json\/wp\/v2\/comments?post=9085"}],"version-history":[{"count":0,"href":"https:\/\/aprimora.site\/carvalhoalmeidaadvogados\/wp-json\/wp\/v2\/posts\/9085\/revisions"}],"wp:attachment":[{"href":"https:\/\/aprimora.site\/carvalhoalmeidaadvogados\/wp-json\/wp\/v2\/media?parent=9085"}],"wp:term":[{"taxonomy":"category","embeddable":true,"href":"https:\/\/aprimora.site\/carvalhoalmeidaadvogados\/wp-json\/wp\/v2\/categories?post=9085"},{"taxonomy":"post_tag","embeddable":true,"href":"https:\/\/aprimora.site\/carvalhoalmeidaadvogados\/wp-json\/wp\/v2\/tags?post=9085"}],"curies":[{"name":"wp","href":"https:\/\/api.w.org\/{rel}","templated":true}]}}