{"id":8949,"date":"2025-02-14T00:36:26","date_gmt":"2025-02-14T03:36:26","guid":{"rendered":"https:\/\/aprimora.site\/carvalhoalmeidaadvogados\/2025\/02\/14\/marco-legal-da-ia-e-politica-para-data-centers-sao-destaque-do-ano-em-economia-digital\/"},"modified":"2025-02-14T00:36:26","modified_gmt":"2025-02-14T03:36:26","slug":"marco-legal-da-ia-e-politica-para-data-centers-sao-destaque-do-ano-em-economia-digital","status":"publish","type":"post","link":"https:\/\/aprimora.site\/carvalhoalmeidaadvogados\/2025\/02\/14\/marco-legal-da-ia-e-politica-para-data-centers-sao-destaque-do-ano-em-economia-digital\/","title":{"rendered":"Marco legal da IA e pol\u00edtica para Data Centers s\u00e3o destaque do ano em economia digital"},"content":{"rendered":"<p class=\"p1\">Relat\u00f3rio exclusivo do <a href=\"https:\/\/portal.jota.info\/produtos\/poder\"><span class=\"jota\">JOTA<\/span> PRO Poder<\/a> enviado a assinantes aponta a cria\u00e7\u00e3o do<a href=\"https:\/\/www.jota.info\/legislativo\/marco-legal-da-ia-como-funcionara-a-regulacao-estatal-e-a-autorregulacao\"> marco legal para regulamentar intelig\u00eancia artificial<\/a> e a formula\u00e7\u00e3o de uma <a href=\"https:\/\/www.jota.info\/executivo\/nova-prioridade-da-fazenda-politica-de-data-centers-entra-no-relatorio-do-pl-2338-2023\">Pol\u00edtica Nacional para Data Centers<\/a> como os destaques entre as prioridades para o setor de economia digital em 2025. O documento, agora dispon\u00edvel para ser baixado gratuitamente, indica ainda que o Minist\u00e9rio da Fazenda quer aproveitar o tema para atrair investimentos ao pa\u00eds. <a href=\"https:\/\/conteudo.jota.info\/23-01-2025-rdstation-lp-pela-frente-economia-digital-lead-material-rico-marketing-none\">Clique aqui e baixe o relat\u00f3rio completo<\/a>.<\/p>\n<p class=\"p1\">O texto, assinado pelo analista de Economia Digital do <strong><span class=\"jota\">JOTA<\/span><\/strong>, Edoardo Ghirotto, acrescenta que a Fazenda pode assumir papel importante no andamento de projetos de interesse do Executivo para a pauta digita. N\u00e3o apenas em rela\u00e7\u00e3o a investimentos, mas tamb\u00e9m em rela\u00e7\u00e3o \u00e0 regula\u00e7\u00e3o concorrencial de mercados digitais. O projeto dever\u00e1 ser formulado pela Secretaria de Reformas Econ\u00f4micas.<\/p>\n<p class=\"p1\">Outro ponto de aten\u00e7\u00e3o para a pasta diz respeito ao in\u00edcio do mercado regulado de apostas de quota fixa. Al\u00e9m da regulamenta\u00e7\u00e3o da bets, o radar de economia digital inclui o julgamento no STF sobre o artigo 19 do Marco Civil da Internet, que dever\u00e1 pressionar o Congresso e obrig\u00e1-lo a olhar novamente para esse assunto. \u201dMas, qualquer debate se dar\u00e1 fora do PL 2630\/2020 (PL das Fake News), que est\u00e1 morto politicamente\u201d, destaca o analista.<\/p>\n<p class=\"p1\">Indica\u00e7\u00f5es para a Anatel e para a diretoria da Autoridade Nacional de Prote\u00e7\u00e3o de Dados (APND), projetos que ficaram para tr\u00e1s, como as regulamenta\u00e7\u00f5es do VoD e do trabalho de motoristas prestado por aplicativos, tamb\u00e9m s\u00e3o temas contemplados no relat\u00f3rio. <a href=\"https:\/\/conteudo.jota.info\/23-01-2025-rdstation-lp-pela-frente-economia-digital-lead-material-rico-marketing-none\">Baixe aqui a \u00edntegra do relat\u00f3rio<\/a>.<\/p>\n<h3><a href=\"https:\/\/conteudo.jota.info\/23-01-2025-rdstation-lp-pela-frente-economia-digital-lead-material-rico-marketing-none\">Baixe o relat\u00f3rio completo enviado aos assinantes <span class=\"jota\">JOTA<\/span> PRO com as perspectivas em economia digital para 2025<\/a><\/h3>\n<p>O\u00a0<a href=\"https:\/\/www.jota.info\/produtos\/poder\"><span class=\"jota\"><span class=\"jota\">JOTA<\/span><\/span>\u00a0PRO Poder<\/a>\u00a0\u00e9 uma plataforma de monitoramento pol\u00edtico para empresas no Brasil. Nossos assinantes conseguem antecipar movimenta\u00e7\u00f5es dos Tr\u00eas Poderes, prever cen\u00e1rios e encontrar todas as informa\u00e7\u00f5es que precisam para tomar decis\u00f5es.<\/p>\n<p>O servi\u00e7o busca aliar cobertura jornal\u00edstica t\u00e9cnica e qualificada de nossos analistas e rep\u00f3rteres com tecnologia. Isso nos permite enviar alertas por WhatsApp e informar os assinantes com rapidez, gerar previs\u00f5es confi\u00e1veis sobre vota\u00e7\u00f5es em andamento, produzir relat\u00f3rios detalhados e an\u00e1lises muito bem apuradas por quem realmente entende os bastidores da pol\u00edtica<\/p>\n<p>Os nossos analistas e rep\u00f3rteres est\u00e3o sempre atentos para responder perguntas e aprofundar as an\u00e1lises sobre temas de interesse dos clientes <span class=\"jota\">JOTA<\/span> PRO Poder. Dessa forma, as empresas que contratam o nosso servi\u00e7o de monitoramento conseguem antecipar as movimenta\u00e7\u00f5es que podem afetar os seus neg\u00f3cios ou gerar oportunidades, assim como mapear os nomes mais relevantes da pol\u00edtica nacional.<\/p>","protected":false},"excerpt":{"rendered":"<p>Relat\u00f3rio exclusivo do JOTA PRO Poder enviado a assinantes aponta a cria\u00e7\u00e3o do marco legal para regulamentar intelig\u00eancia artificial e a formula\u00e7\u00e3o de uma Pol\u00edtica Nacional para Data Centers como os destaques entre as prioridades para o setor de economia digital em 2025. O documento, agora dispon\u00edvel para ser baixado gratuitamente, indica ainda que o [&hellip;]<\/p>\n","protected":false},"author":0,"featured_media":0,"comment_status":"open","ping_status":"open","sticky":false,"template":"","format":"standard","meta":[],"categories":[1],"tags":[],"_links":{"self":[{"href":"https:\/\/aprimora.site\/carvalhoalmeidaadvogados\/wp-json\/wp\/v2\/posts\/8949"}],"collection":[{"href":"https:\/\/aprimora.site\/carvalhoalmeidaadvogados\/wp-json\/wp\/v2\/posts"}],"about":[{"href":"https:\/\/aprimora.site\/carvalhoalmeidaadvogados\/wp-json\/wp\/v2\/types\/post"}],"replies":[{"embeddable":true,"href":"https:\/\/aprimora.site\/carvalhoalmeidaadvogados\/wp-json\/wp\/v2\/comments?post=8949"}],"version-history":[{"count":0,"href":"https:\/\/aprimora.site\/carvalhoalmeidaadvogados\/wp-json\/wp\/v2\/posts\/8949\/revisions"}],"wp:attachment":[{"href":"https:\/\/aprimora.site\/carvalhoalmeidaadvogados\/wp-json\/wp\/v2\/media?parent=8949"}],"wp:term":[{"taxonomy":"category","embeddable":true,"href":"https:\/\/aprimora.site\/carvalhoalmeidaadvogados\/wp-json\/wp\/v2\/categories?post=8949"},{"taxonomy":"post_tag","embeddable":true,"href":"https:\/\/aprimora.site\/carvalhoalmeidaadvogados\/wp-json\/wp\/v2\/tags?post=8949"}],"curies":[{"name":"wp","href":"https:\/\/api.w.org\/{rel}","templated":true}]}}