{"id":8942,"date":"2025-02-09T22:23:14","date_gmt":"2025-02-10T01:23:14","guid":{"rendered":"https:\/\/aprimora.site\/carvalhoalmeidaadvogados\/2025\/02\/09\/o-stay-period-na-recuperacao-judicial-os-efeitos-da-suspensao-das-execucoes-contra-a-empresa-segundo-o-stj\/"},"modified":"2025-02-09T22:23:14","modified_gmt":"2025-02-10T01:23:14","slug":"o-stay-period-na-recuperacao-judicial-os-efeitos-da-suspensao-das-execucoes-contra-a-empresa-segundo-o-stj","status":"publish","type":"post","link":"https:\/\/aprimora.site\/carvalhoalmeidaadvogados\/2025\/02\/09\/o-stay-period-na-recuperacao-judicial-os-efeitos-da-suspensao-das-execucoes-contra-a-empresa-segundo-o-stj\/","title":{"rendered":"O stay period na recupera\u00e7\u00e3o judicial: os efeitos da suspens\u00e3o das execu\u00e7\u00f5es contra a empresa, segundo o STJ"},"content":{"rendered":"<p>O prazo de 180 dias assegurado em lei, ao longo do qual as execu\u00e7\u00f5es ficam suspensas, proporciona \u00e0 empresa em recupera\u00e7\u00e3o um f\u00f4lego para se reorganizar e superar suas dificuldades financeiras.<\/p>","protected":false},"excerpt":{"rendered":"<p>O prazo de 180 dias assegurado em lei, ao longo do qual as execu\u00e7\u00f5es ficam suspensas, proporciona \u00e0 empresa em recupera\u00e7\u00e3o um f\u00f4lego para se reorganizar e superar suas dificuldades financeiras.<\/p>\n","protected":false},"author":0,"featured_media":0,"comment_status":"open","ping_status":"open","sticky":false,"template":"","format":"standard","meta":[],"categories":[1],"tags":[],"_links":{"self":[{"href":"https:\/\/aprimora.site\/carvalhoalmeidaadvogados\/wp-json\/wp\/v2\/posts\/8942"}],"collection":[{"href":"https:\/\/aprimora.site\/carvalhoalmeidaadvogados\/wp-json\/wp\/v2\/posts"}],"about":[{"href":"https:\/\/aprimora.site\/carvalhoalmeidaadvogados\/wp-json\/wp\/v2\/types\/post"}],"replies":[{"embeddable":true,"href":"https:\/\/aprimora.site\/carvalhoalmeidaadvogados\/wp-json\/wp\/v2\/comments?post=8942"}],"version-history":[{"count":0,"href":"https:\/\/aprimora.site\/carvalhoalmeidaadvogados\/wp-json\/wp\/v2\/posts\/8942\/revisions"}],"wp:attachment":[{"href":"https:\/\/aprimora.site\/carvalhoalmeidaadvogados\/wp-json\/wp\/v2\/media?parent=8942"}],"wp:term":[{"taxonomy":"category","embeddable":true,"href":"https:\/\/aprimora.site\/carvalhoalmeidaadvogados\/wp-json\/wp\/v2\/categories?post=8942"},{"taxonomy":"post_tag","embeddable":true,"href":"https:\/\/aprimora.site\/carvalhoalmeidaadvogados\/wp-json\/wp\/v2\/tags?post=8942"}],"curies":[{"name":"wp","href":"https:\/\/api.w.org\/{rel}","templated":true}]}}