{"id":8905,"date":"2025-02-07T22:45:37","date_gmt":"2025-02-08T01:45:37","guid":{"rendered":"https:\/\/aprimora.site\/carvalhoalmeidaadvogados\/2025\/02\/07\/o-discurso-simplificador-de-barroso-sobre-as-criticas-ao-stf\/"},"modified":"2025-02-07T22:45:37","modified_gmt":"2025-02-08T01:45:37","slug":"o-discurso-simplificador-de-barroso-sobre-as-criticas-ao-stf","status":"publish","type":"post","link":"https:\/\/aprimora.site\/carvalhoalmeidaadvogados\/2025\/02\/07\/o-discurso-simplificador-de-barroso-sobre-as-criticas-ao-stf\/","title":{"rendered":"O discurso simplificador de Barroso sobre as cr\u00edticas ao STF"},"content":{"rendered":"<p>O\u00a0presidente do Supremo Tribunal Federal (<a href=\"https:\/\/www.jota.info\/stf\">STF<\/a>), ministro\u00a0<a href=\"https:\/\/www.jota.info\/tudo-sobre\/luis-roberto-barroso\">Lu\u00eds Roberto Barroso<\/a>, ao abrir o Ano Judici\u00e1rio nesta semana afirmou que h\u00e1 uma \u201c<a href=\"https:\/\/www.jota.info\/stf\/do-supremo\/barroso-diz-estar-resignado-com-obsessao-negativa-em-relacao-ao-stf\">obsess\u00e3o negativa por parte alguns\u201d em rela\u00e7\u00e3o \u00e0 Corte<\/a> e disse que \u201c\u00e9 poss\u00edvel n\u00e3o gostar da Constitui\u00e7\u00e3o e do papel que ela reservou para o Supremo Tribunal Federal, mas criticar o Supremo por aplicar a Constitui\u00e7\u00e3o simplesmente n\u00e3o \u00e9 justo\u201d. A fala deixou em aberto uma quest\u00e3o: \u00e9 poss\u00edvel gostar da Constitui\u00e7\u00e3o e criticar o Supremo? O debate em torno desta pergunta \u00e9 o tema que abre o primeiro epis\u00f3dio do Sem Precedentes de 2025.<\/p>\n<h3><a href=\"https:\/\/conteudo.jota.info\/marketing-lp-newsletter-ultimas-noticias?utm_source=jota&amp;utm_medium=lp&amp;utm_campaign=23-09-2024-jota-lp-eleicoes-2024-eleicoes-2024-none-audiencias-none&amp;utm_content=eleicoes-2024&amp;utm_term=none\"><span>Assine gratuitamente a newsletter \u00daltimas Not\u00edcias do <span class=\"jota\">JOTA<\/span> e receba as principais not\u00edcias jur\u00eddicas e pol\u00edticas do dia no seu email<\/span><\/a><\/h3>\n<p>O podcast do <strong><span class=\"jota\">JOTA<\/span><\/strong> que discute o Supremo e a Constitui\u00e7\u00e3o desdobra o discurso simplificador do presidente do Supremo sobre queixas em rela\u00e7\u00e3o ao Tribunal. Neste primeiro epis\u00f3dio do ano, Juliana Cesario Alvim, professora da Universidade Federal de Minas Gerais e da Central European University e integrante do time do Sem Precedentes, considera que o discurso simplista de Barroso \u201cn\u00e3o se mostra suficiente para um certo n\u00edvel que cr\u00edticas que quer respostas com mais nuances\u201d.<\/p>\n<p>\u201cDizer estamos cumprindo a Constitui\u00e7\u00e3o e por isso n\u00e3o h\u00e1 nada errado com a nossa atua\u00e7\u00e3o \u00e9 muito simpl\u00f3rio para quem est\u00e1 criticando, olhando para o Supremo no detalhe e, de alguma maneira, at\u00e9 para quem est\u00e1 criticando o supremo pelas raz\u00f5es erradas. Isso pode dar at\u00e9 uma muni\u00e7\u00e3o\u201d, avalia a professora.<\/p>\n<p>\u201cPor um lado, entendo que seja papel da presid\u00eancia do Supremo defend\u00ea-lo de suas cr\u00edticas, por outro, eu n\u00e3o sei quem \u00e9 convencido com uma defesa feita nesse tom, por isso e eu acho que, inclusive, \u00e0s vezes afasta at\u00e9 aliados que est\u00e3o de fato de boa-f\u00e9, tentando falar sobre problemas do Supremo, de suas decis\u00f5es, problemas no seu funcionamento institucional e uma resposta talvez fosse tentar ouvir\u201d, acrescenta o especialista em Direito Constitucional e tamb\u00e9m integrante do time do podcast, Thomaz Pereira.<\/p>\n<h3><a href=\"https:\/\/whatsapp.com\/channel\/0029VaFvFd73rZZflK7yGD0I\">Inscreva-se no canal de not\u00edcias do <span class=\"jota\">JOTA<\/span> no WhatsApp e fique por dentro das principais discuss\u00f5es do pa\u00eds!<\/a><\/h3>\n<p>Al\u00e9m do discurso de Barroso, o Sem Precedentes desta semana tamb\u00e9m aborda o que esperar da presid\u00eancia do ministro Edson Fachin, que assume o comando da Corte em setembro deste ano. Conduzido pelo diretor de Conte\u00fado do <strong><span class=\"jota\">JOTA<\/span><\/strong>, Felipe Recondo, o epis\u00f3dio conta ainda com a participa\u00e7\u00e3o de Diego Werneck, professor de Direito Constitucional do Insper.<\/p>\n<h3>Ou\u00e7a o novo epis\u00f3dio do Sem Precedentes<\/h3>","protected":false},"excerpt":{"rendered":"<p>O\u00a0presidente do Supremo Tribunal Federal (STF), ministro\u00a0Lu\u00eds Roberto Barroso, ao abrir o Ano Judici\u00e1rio nesta semana afirmou que h\u00e1 uma \u201cobsess\u00e3o negativa por parte alguns\u201d em rela\u00e7\u00e3o \u00e0 Corte e disse que \u201c\u00e9 poss\u00edvel n\u00e3o gostar da Constitui\u00e7\u00e3o e do papel que ela reservou para o Supremo Tribunal Federal, mas criticar o Supremo por aplicar [&hellip;]<\/p>\n","protected":false},"author":0,"featured_media":0,"comment_status":"open","ping_status":"open","sticky":false,"template":"","format":"standard","meta":[],"categories":[1],"tags":[],"_links":{"self":[{"href":"https:\/\/aprimora.site\/carvalhoalmeidaadvogados\/wp-json\/wp\/v2\/posts\/8905"}],"collection":[{"href":"https:\/\/aprimora.site\/carvalhoalmeidaadvogados\/wp-json\/wp\/v2\/posts"}],"about":[{"href":"https:\/\/aprimora.site\/carvalhoalmeidaadvogados\/wp-json\/wp\/v2\/types\/post"}],"replies":[{"embeddable":true,"href":"https:\/\/aprimora.site\/carvalhoalmeidaadvogados\/wp-json\/wp\/v2\/comments?post=8905"}],"version-history":[{"count":0,"href":"https:\/\/aprimora.site\/carvalhoalmeidaadvogados\/wp-json\/wp\/v2\/posts\/8905\/revisions"}],"wp:attachment":[{"href":"https:\/\/aprimora.site\/carvalhoalmeidaadvogados\/wp-json\/wp\/v2\/media?parent=8905"}],"wp:term":[{"taxonomy":"category","embeddable":true,"href":"https:\/\/aprimora.site\/carvalhoalmeidaadvogados\/wp-json\/wp\/v2\/categories?post=8905"},{"taxonomy":"post_tag","embeddable":true,"href":"https:\/\/aprimora.site\/carvalhoalmeidaadvogados\/wp-json\/wp\/v2\/tags?post=8905"}],"curies":[{"name":"wp","href":"https:\/\/api.w.org\/{rel}","templated":true}]}}