{"id":8692,"date":"2025-01-17T22:14:54","date_gmt":"2025-01-18T01:14:54","guid":{"rendered":"https:\/\/aprimora.site\/carvalhoalmeidaadvogados\/2025\/01\/17\/imputacao-de-dolo-essencial-para-levar-o-reu-ao-tribunal-do-juri-nao-pode-ser-baseada-em-presuncao\/"},"modified":"2025-01-17T22:14:54","modified_gmt":"2025-01-18T01:14:54","slug":"imputacao-de-dolo-essencial-para-levar-o-reu-ao-tribunal-do-juri-nao-pode-ser-baseada-em-presuncao","status":"publish","type":"post","link":"https:\/\/aprimora.site\/carvalhoalmeidaadvogados\/2025\/01\/17\/imputacao-de-dolo-essencial-para-levar-o-reu-ao-tribunal-do-juri-nao-pode-ser-baseada-em-presuncao\/","title":{"rendered":"Imputa\u00e7\u00e3o de dolo, essencial para levar o r\u00e9u ao tribunal do j\u00fari, n\u00e3o pode ser baseada em presun\u00e7\u00e3o"},"content":{"rendered":"<p>O ministro Sebasti\u00e3o Reis Junior afirmou que, para o acusado ser submetido ao j\u00fari popular, \u00e9 preciso que o dolo esteja demonstrado inequivocamente, sob pena de viola\u00e7\u00e3o de compet\u00eancia.<\/p>","protected":false},"excerpt":{"rendered":"<p>O ministro Sebasti\u00e3o Reis Junior afirmou que, para o acusado ser submetido ao j\u00fari popular, \u00e9 preciso que o dolo esteja demonstrado inequivocamente, sob pena de viola\u00e7\u00e3o de compet\u00eancia.<\/p>\n","protected":false},"author":0,"featured_media":0,"comment_status":"open","ping_status":"open","sticky":false,"template":"","format":"standard","meta":[],"categories":[1],"tags":[],"_links":{"self":[{"href":"https:\/\/aprimora.site\/carvalhoalmeidaadvogados\/wp-json\/wp\/v2\/posts\/8692"}],"collection":[{"href":"https:\/\/aprimora.site\/carvalhoalmeidaadvogados\/wp-json\/wp\/v2\/posts"}],"about":[{"href":"https:\/\/aprimora.site\/carvalhoalmeidaadvogados\/wp-json\/wp\/v2\/types\/post"}],"replies":[{"embeddable":true,"href":"https:\/\/aprimora.site\/carvalhoalmeidaadvogados\/wp-json\/wp\/v2\/comments?post=8692"}],"version-history":[{"count":0,"href":"https:\/\/aprimora.site\/carvalhoalmeidaadvogados\/wp-json\/wp\/v2\/posts\/8692\/revisions"}],"wp:attachment":[{"href":"https:\/\/aprimora.site\/carvalhoalmeidaadvogados\/wp-json\/wp\/v2\/media?parent=8692"}],"wp:term":[{"taxonomy":"category","embeddable":true,"href":"https:\/\/aprimora.site\/carvalhoalmeidaadvogados\/wp-json\/wp\/v2\/categories?post=8692"},{"taxonomy":"post_tag","embeddable":true,"href":"https:\/\/aprimora.site\/carvalhoalmeidaadvogados\/wp-json\/wp\/v2\/tags?post=8692"}],"curies":[{"name":"wp","href":"https:\/\/api.w.org\/{rel}","templated":true}]}}