{"id":8574,"date":"2024-12-31T20:55:15","date_gmt":"2024-12-31T23:55:15","guid":{"rendered":"https:\/\/aprimora.site\/carvalhoalmeidaadvogados\/2024\/12\/31\/1o-de-janeiro-dia-da-confraternizacao-universal-e-da-paz-2\/"},"modified":"2024-12-31T20:55:15","modified_gmt":"2024-12-31T23:55:15","slug":"1o-de-janeiro-dia-da-confraternizacao-universal-e-da-paz-2","status":"publish","type":"post","link":"https:\/\/aprimora.site\/carvalhoalmeidaadvogados\/2024\/12\/31\/1o-de-janeiro-dia-da-confraternizacao-universal-e-da-paz-2\/","title":{"rendered":"1\u00ba de Janeiro &#8211; Dia da Confraterniza\u00e7\u00e3o Universal e da Paz"},"content":{"rendered":"<p><span>1\u00ba de Janeiro &#8211; Dia da Confraterniza\u00e7\u00e3o Universal e da Paz<\/span><\/p>\n<p><span><span>anasiqueira<\/span><\/span><\/p>\n<p><span>Ter, 31\/12\/2024 &#8211; 17:55<\/span><\/p>\n<div>\n<div>1\u00ba de Janeiro &#8211; Dia da Confraterniza\u00e7\u00e3o Universal e da Paz<\/div>\n<\/div>\n<div>\n<div class=\"visually-hidden\">Conte\u00fado da Not\u00edcia<\/div>\n<div>\n<p>O Dia Mundial da Paz, celebrado em 1\u00ba de janeiro, foi institu\u00eddo pelo Papa Paulo VI em 1967, como um marco para a reflex\u00e3o e a promo\u00e7\u00e3o da paz no mundo. Desde ent\u00e3o, a data \u00e9 celebrada anualmente e refor\u00e7a a import\u00e2ncia da conviv\u00eancia pac\u00edfica, da solidariedade e da justi\u00e7a social.\u00a0<\/p>\n<p>A celebra\u00e7\u00e3o, que coincide com o in\u00edcio de um novo ano, simboliza a renova\u00e7\u00e3o de esperan\u00e7as e o compromisso com a constru\u00e7\u00e3o de um futuro mais harmonioso e sustent\u00e1vel. Al\u00e9m disso, ao longo dos anos, a data tem dado destaque a temas globais que impactam a paz, como desigualdades sociais, mudan\u00e7as clim\u00e1ticas e conflitos armados, al\u00e9m de convidar \u00e0 reflex\u00e3o individual, estimulando atitudes que promovam o di\u00e1logo, a toler\u00e2ncia e a coopera\u00e7\u00e3o como bases para sociedades mais justas e inclusivas.<br \/>\nPara o Tribunal Regional do Trabalho da 15\u00aa Regi\u00e3o, o Dia Mundial da Paz reflete os valores institucionais de justi\u00e7a, equidade e sustentabilidade. Alinhado aos Objetivos de Desenvolvimento Sustent\u00e1vel (ODS) da Agenda 2030 da Organiza\u00e7\u00e3o das Na\u00e7\u00f5es Unidas (ONU), especialmente o ODS 11 &#8211; Cidades e Comunidades Sustent\u00e1veis e o ODS 16 &#8211; Paz, Justi\u00e7a e Institui\u00e7\u00f5es Eficazes, o TRT-15 reafirma seu compromisso com iniciativas que promovam a paz no ambiente de trabalho e na sociedade. A data refor\u00e7a a import\u00e2ncia de pr\u00e1ticas que previnam conflitos, fortale\u00e7am a conviv\u00eancia pac\u00edfica e assegurem o respeito aos direitos humanos e \u00e0 dignidade.<\/p>\n<p class=\"text-align-center\">Coordenadoria de Sustentabilidade, Acessibilidade e Integridade<br \/>\nASSESSORIA DE GEST\u00c3O ESTRAT\u00c9GICA TRT-15<br \/>\n\u00a0<\/p>\n<\/div><\/div>\n<div>\n<div>Unidade Respons\u00e1vel:<\/div>\n<div>Comunica\u00e7\u00e3o Social<\/div>\n<\/div>\n<div>Ter, 31\/12\/2024 &#8211; 17:55<\/div>\n<p>      <span class=\"a2a_kit a2a_kit_size_16 addtoany_list\"><a class=\"a2a_dd addtoany_share\" href=\"https:\/\/www.addtoany.com\/share#url=https%3A%2F%2Ftrt15.jus.br%2Fnoticia%2F2024%2F1o-de-janeiro-dia-da-confraternizacao-universal-e-da-paz&amp;title=1%C2%BA%20de%20Janeiro%20-%20Dia%20da%20Confraterniza%C3%A7%C3%A3o%20Universal%20e%20da%20Paz\"><\/a><a class=\"a2a_button_whatsapp\"><\/a><a class=\"a2a_button_google_gmail\"><\/a><a class=\"a2a_button_twitter\"><\/a><a class=\"a2a_button_facebook\"><\/a><a class=\"a2a_button_linkedin\"><\/a><\/span><\/p>","protected":false},"excerpt":{"rendered":"<p>1\u00ba de Janeiro &#8211; Dia da Confraterniza\u00e7\u00e3o Universal e da Paz anasiqueira Ter, 31\/12\/2024 &#8211; 17:55 1\u00ba de Janeiro &#8211; Dia da Confraterniza\u00e7\u00e3o Universal e da Paz Conte\u00fado da Not\u00edcia O Dia Mundial da Paz, celebrado em 1\u00ba de janeiro, foi institu\u00eddo pelo Papa Paulo VI em 1967, como um marco para a reflex\u00e3o e [&hellip;]<\/p>\n","protected":false},"author":0,"featured_media":0,"comment_status":"open","ping_status":"open","sticky":false,"template":"","format":"standard","meta":[],"categories":[1],"tags":[],"_links":{"self":[{"href":"https:\/\/aprimora.site\/carvalhoalmeidaadvogados\/wp-json\/wp\/v2\/posts\/8574"}],"collection":[{"href":"https:\/\/aprimora.site\/carvalhoalmeidaadvogados\/wp-json\/wp\/v2\/posts"}],"about":[{"href":"https:\/\/aprimora.site\/carvalhoalmeidaadvogados\/wp-json\/wp\/v2\/types\/post"}],"replies":[{"embeddable":true,"href":"https:\/\/aprimora.site\/carvalhoalmeidaadvogados\/wp-json\/wp\/v2\/comments?post=8574"}],"version-history":[{"count":0,"href":"https:\/\/aprimora.site\/carvalhoalmeidaadvogados\/wp-json\/wp\/v2\/posts\/8574\/revisions"}],"wp:attachment":[{"href":"https:\/\/aprimora.site\/carvalhoalmeidaadvogados\/wp-json\/wp\/v2\/media?parent=8574"}],"wp:term":[{"taxonomy":"category","embeddable":true,"href":"https:\/\/aprimora.site\/carvalhoalmeidaadvogados\/wp-json\/wp\/v2\/categories?post=8574"},{"taxonomy":"post_tag","embeddable":true,"href":"https:\/\/aprimora.site\/carvalhoalmeidaadvogados\/wp-json\/wp\/v2\/tags?post=8574"}],"curies":[{"name":"wp","href":"https:\/\/api.w.org\/{rel}","templated":true}]}}