{"id":8481,"date":"2024-12-19T21:17:28","date_gmt":"2024-12-20T00:17:28","guid":{"rendered":"https:\/\/aprimora.site\/carvalhoalmeidaadvogados\/2024\/12\/19\/que-o-ano-de-2025-seja-de-paz-harmonia-e-conquistas-para-todos-nos\/"},"modified":"2024-12-19T21:17:28","modified_gmt":"2024-12-20T00:17:28","slug":"que-o-ano-de-2025-seja-de-paz-harmonia-e-conquistas-para-todos-nos","status":"publish","type":"post","link":"https:\/\/aprimora.site\/carvalhoalmeidaadvogados\/2024\/12\/19\/que-o-ano-de-2025-seja-de-paz-harmonia-e-conquistas-para-todos-nos\/","title":{"rendered":"Que o ano de 2025 seja de paz, harmonia e conquistas para todos n\u00f3s"},"content":{"rendered":"<p><span>Que o ano de 2025 seja de paz, harmonia e conquistas para todos n\u00f3s<\/span><\/p>\n<div>  <a href=\"https:\/\/trt15.jus.br\/noticia\/2024\/que-o-ano-de-2025-seja-de-paz-harmonia-e-conquistas-para-todos-nos\"><\/a>\n<\/div>\n<p><span><span>anasiqueira<\/span><\/span><\/p>\n<p><span>Qui, 19\/12\/2024 &#8211; 18:17<\/span><\/p>\n<div>\n<div>Que o ano de 2025 seja de paz, harmonia e conquistas para todos n\u00f3s<\/div>\n<\/div>\n<div>\n<div class=\"visually-hidden\">Conte\u00fado da Not\u00edcia<\/div>\n<div>\n<p>Neste final de ano, \u00e9 momento de celebrar a trajet\u00f3ria que percorremos juntos. \u00a0Foi um per\u00edodo de desafios e conquistas que reafirmaram o TRT-15 como um tribunal de vanguarda, comprometido com a justi\u00e7a social e a efici\u00eancia na presta\u00e7\u00e3o jurisdicional.<\/p>\n<p><em>#ParaTodosVerem: imagem da Dra. Ana Paula em plano americano, ao lado de pres\u00e9pios.<\/em><\/p>\n<p>Cada avan\u00e7o foi poss\u00edvel gra\u00e7as ao trabalho dedicado e colaborativo de \u00a0magistrados, servidores, terceirizados, estagi\u00e1rios e de todos aqueles que integram o sistema de Justi\u00e7a. A cada audi\u00eancia realizada, a cada decis\u00e3o proferida e a cada servi\u00e7o prestado, constru\u00edmos, em conjunto, um tribunal mais acess\u00edvel, \u00e1gil e humano. Nossa gratid\u00e3o e reconhecimento a todos que comp\u00f5em o TRT-15.<\/p>\n<p class=\"text-align-center\">\n<\/p><p>Com os olhos voltados para o futuro, renovamos nosso compromisso de melhorar continuamente a presta\u00e7\u00e3o jurisdicional. \u00a0Projetos de inova\u00e7\u00e3o tecnol\u00f3gica e de fortalecimento da concilia\u00e7\u00e3o continuar\u00e3o a guiar nossas a\u00e7\u00f5es em busca do aprimoramento para garantir uma Justi\u00e7a cada vez mais eficiente e pr\u00f3xima do cidad\u00e3o, capaz de responder com agilidade e sensibilidade aos desafios do mundo contempor\u00e2neo.<\/p>\n<p>Sabemos que o futuro exige coragem, criatividade e trabalho conjunto. Estamos prontos para enfrentar esses novos desafios, movidos pela confian\u00e7a de que, com di\u00e1logo e coopera\u00e7\u00e3o, poderemos construir solu\u00e7\u00f5es inovadoras para as demandas da sociedade.<\/p>\n<p>Desejo um Natal de muitas b\u00ean\u00e7\u00e3os, luz e alegria.\u00a0<\/p>\n<p>Que o ano de 2025 seja de paz, harmonia e conquistas para todos n\u00f3s!\u00a0<\/p>\n<p>Boas Festas!<\/p>\n<p><strong>Desembargadora Ana Paula Pellegrina Lockmann<br \/>\nPresidente do Tribunal Regional do Trabalho da 15\u00aa Regi\u00e3o<\/strong><\/p>\n<\/div><\/div>\n<div>\n<div>Unidade Respons\u00e1vel:<\/div>\n<div>Comunica\u00e7\u00e3o Social<\/div>\n<\/div>\n<div>Qui, 19\/12\/2024 &#8211; 18:17<\/div>\n<p>      <span class=\"a2a_kit a2a_kit_size_16 addtoany_list\"><a class=\"a2a_dd addtoany_share\" href=\"https:\/\/www.addtoany.com\/share#url=https%3A%2F%2Ftrt15.jus.br%2Fnoticia%2F2024%2Fque-o-ano-de-2025-seja-de-paz-harmonia-e-conquistas-para-todos-nos&amp;title=Que%20o%20ano%20de%202025%20seja%20de%20paz%2C%20harmonia%20e%20conquistas%20para%20todos%20n%C3%B3s\"><\/a><a class=\"a2a_button_whatsapp\"><\/a><a class=\"a2a_button_google_gmail\"><\/a><a class=\"a2a_button_twitter\"><\/a><a class=\"a2a_button_facebook\"><\/a><a class=\"a2a_button_linkedin\"><\/a><\/span><\/p>","protected":false},"excerpt":{"rendered":"<p>Que o ano de 2025 seja de paz, harmonia e conquistas para todos n\u00f3s anasiqueira Qui, 19\/12\/2024 &#8211; 18:17 Que o ano de 2025 seja de paz, harmonia e conquistas para todos n\u00f3s Conte\u00fado da Not\u00edcia Neste final de ano, \u00e9 momento de celebrar a trajet\u00f3ria que percorremos juntos. \u00a0Foi um per\u00edodo de desafios e [&hellip;]<\/p>\n","protected":false},"author":0,"featured_media":8482,"comment_status":"open","ping_status":"open","sticky":false,"template":"","format":"standard","meta":[],"categories":[1],"tags":[],"_links":{"self":[{"href":"https:\/\/aprimora.site\/carvalhoalmeidaadvogados\/wp-json\/wp\/v2\/posts\/8481"}],"collection":[{"href":"https:\/\/aprimora.site\/carvalhoalmeidaadvogados\/wp-json\/wp\/v2\/posts"}],"about":[{"href":"https:\/\/aprimora.site\/carvalhoalmeidaadvogados\/wp-json\/wp\/v2\/types\/post"}],"replies":[{"embeddable":true,"href":"https:\/\/aprimora.site\/carvalhoalmeidaadvogados\/wp-json\/wp\/v2\/comments?post=8481"}],"version-history":[{"count":0,"href":"https:\/\/aprimora.site\/carvalhoalmeidaadvogados\/wp-json\/wp\/v2\/posts\/8481\/revisions"}],"wp:featuredmedia":[{"embeddable":true,"href":"https:\/\/aprimora.site\/carvalhoalmeidaadvogados\/wp-json\/wp\/v2\/media\/8482"}],"wp:attachment":[{"href":"https:\/\/aprimora.site\/carvalhoalmeidaadvogados\/wp-json\/wp\/v2\/media?parent=8481"}],"wp:term":[{"taxonomy":"category","embeddable":true,"href":"https:\/\/aprimora.site\/carvalhoalmeidaadvogados\/wp-json\/wp\/v2\/categories?post=8481"},{"taxonomy":"post_tag","embeddable":true,"href":"https:\/\/aprimora.site\/carvalhoalmeidaadvogados\/wp-json\/wp\/v2\/tags?post=8481"}],"curies":[{"name":"wp","href":"https:\/\/api.w.org\/{rel}","templated":true}]}}