{"id":8445,"date":"2024-12-20T21:47:16","date_gmt":"2024-12-21T00:47:16","guid":{"rendered":"https:\/\/aprimora.site\/carvalhoalmeidaadvogados\/2024\/12\/20\/pagina-de-repetitivos-inclui-julgados-sobre-juros-de-mora-em-acao-de-reparacao-por-mau-cheiro-de-esgoto\/"},"modified":"2024-12-20T21:47:16","modified_gmt":"2024-12-21T00:47:16","slug":"pagina-de-repetitivos-inclui-julgados-sobre-juros-de-mora-em-acao-de-reparacao-por-mau-cheiro-de-esgoto","status":"publish","type":"post","link":"https:\/\/aprimora.site\/carvalhoalmeidaadvogados\/2024\/12\/20\/pagina-de-repetitivos-inclui-julgados-sobre-juros-de-mora-em-acao-de-reparacao-por-mau-cheiro-de-esgoto\/","title":{"rendered":"P\u00e1gina de Repetitivos inclui julgados sobre juros de mora em a\u00e7\u00e3o de repara\u00e7\u00e3o por mau cheiro de esgoto"},"content":{"rendered":"<p>P\u00e1gina de Repetitivos inclui julgados sobre juros de mora em a\u00e7\u00e3o de repara\u00e7\u00e3o por mau cheiro de esgoto<\/p>","protected":false},"excerpt":{"rendered":"<p>P\u00e1gina de Repetitivos inclui julgados sobre juros de mora em a\u00e7\u00e3o de repara\u00e7\u00e3o por mau cheiro de esgoto<\/p>\n","protected":false},"author":0,"featured_media":0,"comment_status":"open","ping_status":"open","sticky":false,"template":"","format":"standard","meta":[],"categories":[1],"tags":[],"_links":{"self":[{"href":"https:\/\/aprimora.site\/carvalhoalmeidaadvogados\/wp-json\/wp\/v2\/posts\/8445"}],"collection":[{"href":"https:\/\/aprimora.site\/carvalhoalmeidaadvogados\/wp-json\/wp\/v2\/posts"}],"about":[{"href":"https:\/\/aprimora.site\/carvalhoalmeidaadvogados\/wp-json\/wp\/v2\/types\/post"}],"replies":[{"embeddable":true,"href":"https:\/\/aprimora.site\/carvalhoalmeidaadvogados\/wp-json\/wp\/v2\/comments?post=8445"}],"version-history":[{"count":0,"href":"https:\/\/aprimora.site\/carvalhoalmeidaadvogados\/wp-json\/wp\/v2\/posts\/8445\/revisions"}],"wp:attachment":[{"href":"https:\/\/aprimora.site\/carvalhoalmeidaadvogados\/wp-json\/wp\/v2\/media?parent=8445"}],"wp:term":[{"taxonomy":"category","embeddable":true,"href":"https:\/\/aprimora.site\/carvalhoalmeidaadvogados\/wp-json\/wp\/v2\/categories?post=8445"},{"taxonomy":"post_tag","embeddable":true,"href":"https:\/\/aprimora.site\/carvalhoalmeidaadvogados\/wp-json\/wp\/v2\/tags?post=8445"}],"curies":[{"name":"wp","href":"https:\/\/api.w.org\/{rel}","templated":true}]}}