{"id":8407,"date":"2024-12-13T21:25:22","date_gmt":"2024-12-14T00:25:22","guid":{"rendered":"https:\/\/aprimora.site\/carvalhoalmeidaadvogados\/2024\/12\/13\/plantio-de-arvores-do-cerrado-marca-a-inauguracao-do-bosque-do-stj\/"},"modified":"2024-12-13T21:25:22","modified_gmt":"2024-12-14T00:25:22","slug":"plantio-de-arvores-do-cerrado-marca-a-inauguracao-do-bosque-do-stj","status":"publish","type":"post","link":"https:\/\/aprimora.site\/carvalhoalmeidaadvogados\/2024\/12\/13\/plantio-de-arvores-do-cerrado-marca-a-inauguracao-do-bosque-do-stj\/","title":{"rendered":"Plantio de \u00e1rvores do Cerrado marca a inaugura\u00e7\u00e3o do Bosque do STJ"},"content":{"rendered":"<p>Plantio de \u00e1rvores do Cerrado marca a inaugura\u00e7\u00e3o do Bosque do STJ<\/p>","protected":false},"excerpt":{"rendered":"<p>Plantio de \u00e1rvores do Cerrado marca a inaugura\u00e7\u00e3o do Bosque do STJ<\/p>\n","protected":false},"author":0,"featured_media":0,"comment_status":"open","ping_status":"open","sticky":false,"template":"","format":"standard","meta":[],"categories":[1],"tags":[],"_links":{"self":[{"href":"https:\/\/aprimora.site\/carvalhoalmeidaadvogados\/wp-json\/wp\/v2\/posts\/8407"}],"collection":[{"href":"https:\/\/aprimora.site\/carvalhoalmeidaadvogados\/wp-json\/wp\/v2\/posts"}],"about":[{"href":"https:\/\/aprimora.site\/carvalhoalmeidaadvogados\/wp-json\/wp\/v2\/types\/post"}],"replies":[{"embeddable":true,"href":"https:\/\/aprimora.site\/carvalhoalmeidaadvogados\/wp-json\/wp\/v2\/comments?post=8407"}],"version-history":[{"count":0,"href":"https:\/\/aprimora.site\/carvalhoalmeidaadvogados\/wp-json\/wp\/v2\/posts\/8407\/revisions"}],"wp:attachment":[{"href":"https:\/\/aprimora.site\/carvalhoalmeidaadvogados\/wp-json\/wp\/v2\/media?parent=8407"}],"wp:term":[{"taxonomy":"category","embeddable":true,"href":"https:\/\/aprimora.site\/carvalhoalmeidaadvogados\/wp-json\/wp\/v2\/categories?post=8407"},{"taxonomy":"post_tag","embeddable":true,"href":"https:\/\/aprimora.site\/carvalhoalmeidaadvogados\/wp-json\/wp\/v2\/tags?post=8407"}],"curies":[{"name":"wp","href":"https:\/\/api.w.org\/{rel}","templated":true}]}}