{"id":8385,"date":"2024-12-13T21:25:21","date_gmt":"2024-12-14T00:25:21","guid":{"rendered":"https:\/\/aprimora.site\/carvalhoalmeidaadvogados\/2024\/12\/13\/corregedoria-geral-da-justica-federal-cria-rede-de-inteligencia-dos-juizados-especiais-federais\/"},"modified":"2024-12-13T21:25:21","modified_gmt":"2024-12-14T00:25:21","slug":"corregedoria-geral-da-justica-federal-cria-rede-de-inteligencia-dos-juizados-especiais-federais","status":"publish","type":"post","link":"https:\/\/aprimora.site\/carvalhoalmeidaadvogados\/2024\/12\/13\/corregedoria-geral-da-justica-federal-cria-rede-de-inteligencia-dos-juizados-especiais-federais\/","title":{"rendered":"Corregedoria-Geral da Justi\u00e7a Federal cria rede de intelig\u00eancia dos Juizados Especiais Federais"},"content":{"rendered":"<p>Corregedoria-Geral da Justi\u00e7a Federal cria rede de intelig\u00eancia dos Juizados Especiais Federais<\/p>","protected":false},"excerpt":{"rendered":"<p>Corregedoria-Geral da Justi\u00e7a Federal cria rede de intelig\u00eancia dos Juizados Especiais Federais<\/p>\n","protected":false},"author":0,"featured_media":0,"comment_status":"open","ping_status":"open","sticky":false,"template":"","format":"standard","meta":[],"categories":[1],"tags":[],"_links":{"self":[{"href":"https:\/\/aprimora.site\/carvalhoalmeidaadvogados\/wp-json\/wp\/v2\/posts\/8385"}],"collection":[{"href":"https:\/\/aprimora.site\/carvalhoalmeidaadvogados\/wp-json\/wp\/v2\/posts"}],"about":[{"href":"https:\/\/aprimora.site\/carvalhoalmeidaadvogados\/wp-json\/wp\/v2\/types\/post"}],"replies":[{"embeddable":true,"href":"https:\/\/aprimora.site\/carvalhoalmeidaadvogados\/wp-json\/wp\/v2\/comments?post=8385"}],"version-history":[{"count":0,"href":"https:\/\/aprimora.site\/carvalhoalmeidaadvogados\/wp-json\/wp\/v2\/posts\/8385\/revisions"}],"wp:attachment":[{"href":"https:\/\/aprimora.site\/carvalhoalmeidaadvogados\/wp-json\/wp\/v2\/media?parent=8385"}],"wp:term":[{"taxonomy":"category","embeddable":true,"href":"https:\/\/aprimora.site\/carvalhoalmeidaadvogados\/wp-json\/wp\/v2\/categories?post=8385"},{"taxonomy":"post_tag","embeddable":true,"href":"https:\/\/aprimora.site\/carvalhoalmeidaadvogados\/wp-json\/wp\/v2\/tags?post=8385"}],"curies":[{"name":"wp","href":"https:\/\/api.w.org\/{rel}","templated":true}]}}