{"id":8381,"date":"2024-12-13T21:25:21","date_gmt":"2024-12-14T00:25:21","guid":{"rendered":"https:\/\/aprimora.site\/carvalhoalmeidaadvogados\/2024\/12\/13\/ultima-sessao-da-corte-especial-em-2024-sera-no-dia-19-as-10h\/"},"modified":"2024-12-13T21:25:21","modified_gmt":"2024-12-14T00:25:21","slug":"ultima-sessao-da-corte-especial-em-2024-sera-no-dia-19-as-10h","status":"publish","type":"post","link":"https:\/\/aprimora.site\/carvalhoalmeidaadvogados\/2024\/12\/13\/ultima-sessao-da-corte-especial-em-2024-sera-no-dia-19-as-10h\/","title":{"rendered":"\u00daltima sess\u00e3o da Corte Especial em 2024 ser\u00e1 no dia 19, \u00e0s 10h"},"content":{"rendered":"<p>\u00daltima sess\u00e3o da Corte Especial em 2024 ser\u00e1 no dia 19, \u00e0s 10h<\/p>","protected":false},"excerpt":{"rendered":"<p>\u00daltima sess\u00e3o da Corte Especial em 2024 ser\u00e1 no dia 19, \u00e0s 10h<\/p>\n","protected":false},"author":0,"featured_media":0,"comment_status":"open","ping_status":"open","sticky":false,"template":"","format":"standard","meta":[],"categories":[1],"tags":[],"_links":{"self":[{"href":"https:\/\/aprimora.site\/carvalhoalmeidaadvogados\/wp-json\/wp\/v2\/posts\/8381"}],"collection":[{"href":"https:\/\/aprimora.site\/carvalhoalmeidaadvogados\/wp-json\/wp\/v2\/posts"}],"about":[{"href":"https:\/\/aprimora.site\/carvalhoalmeidaadvogados\/wp-json\/wp\/v2\/types\/post"}],"replies":[{"embeddable":true,"href":"https:\/\/aprimora.site\/carvalhoalmeidaadvogados\/wp-json\/wp\/v2\/comments?post=8381"}],"version-history":[{"count":0,"href":"https:\/\/aprimora.site\/carvalhoalmeidaadvogados\/wp-json\/wp\/v2\/posts\/8381\/revisions"}],"wp:attachment":[{"href":"https:\/\/aprimora.site\/carvalhoalmeidaadvogados\/wp-json\/wp\/v2\/media?parent=8381"}],"wp:term":[{"taxonomy":"category","embeddable":true,"href":"https:\/\/aprimora.site\/carvalhoalmeidaadvogados\/wp-json\/wp\/v2\/categories?post=8381"},{"taxonomy":"post_tag","embeddable":true,"href":"https:\/\/aprimora.site\/carvalhoalmeidaadvogados\/wp-json\/wp\/v2\/tags?post=8381"}],"curies":[{"name":"wp","href":"https:\/\/api.w.org\/{rel}","templated":true}]}}