{"id":8280,"date":"2024-12-02T11:15:06","date_gmt":"2024-12-02T14:15:06","guid":{"rendered":"https:\/\/aprimora.site\/carvalhoalmeidaadvogados\/2024\/12\/02\/espaco-cultural-promove-lancamento-de-livro-em-homenagem-ao-ministro-marco-buzzi\/"},"modified":"2024-12-02T11:15:06","modified_gmt":"2024-12-02T14:15:06","slug":"espaco-cultural-promove-lancamento-de-livro-em-homenagem-ao-ministro-marco-buzzi","status":"publish","type":"post","link":"https:\/\/aprimora.site\/carvalhoalmeidaadvogados\/2024\/12\/02\/espaco-cultural-promove-lancamento-de-livro-em-homenagem-ao-ministro-marco-buzzi\/","title":{"rendered":"Espa\u00e7o Cultural promove lan\u00e7amento de livro em homenagem ao ministro Marco Buzzi"},"content":{"rendered":"<p>Ministros do STF, STJ e TST est\u00e3o entre os coautores da obra<\/p>","protected":false},"excerpt":{"rendered":"<p>Ministros do STF, STJ e TST est\u00e3o entre os coautores da obra<\/p>\n","protected":false},"author":0,"featured_media":0,"comment_status":"open","ping_status":"open","sticky":false,"template":"","format":"standard","meta":[],"categories":[1],"tags":[],"_links":{"self":[{"href":"https:\/\/aprimora.site\/carvalhoalmeidaadvogados\/wp-json\/wp\/v2\/posts\/8280"}],"collection":[{"href":"https:\/\/aprimora.site\/carvalhoalmeidaadvogados\/wp-json\/wp\/v2\/posts"}],"about":[{"href":"https:\/\/aprimora.site\/carvalhoalmeidaadvogados\/wp-json\/wp\/v2\/types\/post"}],"replies":[{"embeddable":true,"href":"https:\/\/aprimora.site\/carvalhoalmeidaadvogados\/wp-json\/wp\/v2\/comments?post=8280"}],"version-history":[{"count":0,"href":"https:\/\/aprimora.site\/carvalhoalmeidaadvogados\/wp-json\/wp\/v2\/posts\/8280\/revisions"}],"wp:attachment":[{"href":"https:\/\/aprimora.site\/carvalhoalmeidaadvogados\/wp-json\/wp\/v2\/media?parent=8280"}],"wp:term":[{"taxonomy":"category","embeddable":true,"href":"https:\/\/aprimora.site\/carvalhoalmeidaadvogados\/wp-json\/wp\/v2\/categories?post=8280"},{"taxonomy":"post_tag","embeddable":true,"href":"https:\/\/aprimora.site\/carvalhoalmeidaadvogados\/wp-json\/wp\/v2\/tags?post=8280"}],"curies":[{"name":"wp","href":"https:\/\/api.w.org\/{rel}","templated":true}]}}