{"id":8238,"date":"2024-11-22T20:31:23","date_gmt":"2024-11-22T23:31:23","guid":{"rendered":"https:\/\/aprimora.site\/carvalhoalmeidaadvogados\/2024\/11\/22\/mudanca-de-predio-vara-do-trabalho-de-hortolandia-adota-procedimentos-temporarios\/"},"modified":"2024-11-22T20:31:23","modified_gmt":"2024-11-22T23:31:23","slug":"mudanca-de-predio-vara-do-trabalho-de-hortolandia-adota-procedimentos-temporarios","status":"publish","type":"post","link":"https:\/\/aprimora.site\/carvalhoalmeidaadvogados\/2024\/11\/22\/mudanca-de-predio-vara-do-trabalho-de-hortolandia-adota-procedimentos-temporarios\/","title":{"rendered":"Mudan\u00e7a de pr\u00e9dio: Vara do Trabalho de Hortol\u00e2ndia adota procedimentos tempor\u00e1rios"},"content":{"rendered":"<p><span>Mudan\u00e7a de pr\u00e9dio: Vara do Trabalho de Hortol\u00e2ndia adota procedimentos tempor\u00e1rios<\/span><\/p>\n<p><span><span>anasiqueira<\/span><\/span><\/p>\n<p><span>Sex, 22\/11\/2024 &#8211; 17:31<\/span><\/p>\n<div>\n<div>Mudan\u00e7a de pr\u00e9dio: Vara do Trabalho de Hortol\u00e2ndia adota procedimentos tempor\u00e1rios<\/div>\n<\/div>\n<div>\n<div class=\"visually-hidden\">Conte\u00fado da Not\u00edcia<\/div>\n<div>\n<p>A Vara do Trabalho de Hortol\u00e2ndia passar\u00e1 por uma mudan\u00e7a de instala\u00e7\u00f5es a partir do dia 25 de novembro de 2024. Durante o per\u00edodo necess\u00e1rio para a transfer\u00eancia, que inclui o transporte de equipamentos, organiza\u00e7\u00e3o de mobili\u00e1rio e processos f\u00edsicos, al\u00e9m da migra\u00e7\u00e3o de internet e linhas telef\u00f4nicas, os atendimentos presenciais e telef\u00f4nicos estar\u00e3o suspensos, com previs\u00e3o de normaliza\u00e7\u00e3o at\u00e9 6 de dezembro de 2024.<\/p>\n<p>A presta\u00e7\u00e3o jurisdicional, no entanto, n\u00e3o ser\u00e1 interrompida. Conforme estabelecido pela Portaria 1\/2024, assinada pelo juiz titular Jos\u00e9 Antonio Dosualdo, o atendimento ao p\u00fablico e aos advogados ser\u00e1 realizado exclusivamente pelo Balc\u00e3o Virtual, assegurando a continuidade do acesso \u00e0 Justi\u00e7a durante a transi\u00e7\u00e3o. As audi\u00eancias previamente agendadas ser\u00e3o mantidas e realizadas de forma telepresencial, com as per\u00edcias programadas ocorrendo no novo endere\u00e7o da unidade, localizado na Rua Pl\u00ednio Pardini, 170, Parque Ortol\u00e2ndia, Hortol\u00e2ndia\/SP.<\/p>\n<p>Os prazos processuais referentes a casos que dependam de autos f\u00edsicos para tramita\u00e7\u00e3o ser\u00e3o suspensos temporariamente no per\u00edodo, e os servidores da unidade atuar\u00e3o remotamente, sem preju\u00edzo das atividades relacionadas \u00e0 mudan\u00e7a, que ter\u00e3o prioridade.<\/p>\n<p>A mudan\u00e7a reflete o compromisso do Tribunal Regional do Trabalho da 15\u00aa Regi\u00e3o com a moderniza\u00e7\u00e3o de suas instala\u00e7\u00f5es e a melhoria cont\u00ednua da presta\u00e7\u00e3o de servi\u00e7os \u00e0 sociedade. A retomada antecipada das atividades presenciais ser\u00e1 avaliada de acordo com o andamento dos procedimentos, conforme previsto na Portaria. A popula\u00e7\u00e3o e a advocacia local ser\u00e3o informadas de qualquer altera\u00e7\u00e3o.<\/p>\n<p>Para mais informa\u00e7\u00f5es, o TRT-15 orienta o p\u00fablico a acessar o <a href=\"https:\/\/trt15.jus.br\/balcao-virtual-1grau\">Balc\u00e3o Virtual<\/a>.\u00a0<\/p>\n<\/div><\/div>\n<div>\n<div>Unidade Respons\u00e1vel:<\/div>\n<div>Comunica\u00e7\u00e3o Social<\/div>\n<\/div>\n<div>Sex, 22\/11\/2024 &#8211; 17:31<\/div>\n<p>      <span class=\"a2a_kit a2a_kit_size_16 addtoany_list\"><a class=\"a2a_dd addtoany_share\" href=\"https:\/\/www.addtoany.com\/share#url=https%3A%2F%2Ftrt15.jus.br%2Fnoticia%2F2024%2Fmudanca-de-predio-vara-do-trabalho-de-hortolandia-adota-procedimentos-temporarios&amp;title=Mudan%C3%A7a%20de%20pr%C3%A9dio%3A%20Vara%20do%20Trabalho%20de%20Hortol%C3%A2ndia%20adota%20procedimentos%20tempor%C3%A1rios\"><\/a><a class=\"a2a_button_whatsapp\"><\/a><a class=\"a2a_button_google_gmail\"><\/a><a class=\"a2a_button_twitter\"><\/a><a class=\"a2a_button_facebook\"><\/a><a class=\"a2a_button_linkedin\"><\/a><\/span><\/p>","protected":false},"excerpt":{"rendered":"<p>Mudan\u00e7a de pr\u00e9dio: Vara do Trabalho de Hortol\u00e2ndia adota procedimentos tempor\u00e1rios anasiqueira Sex, 22\/11\/2024 &#8211; 17:31 Mudan\u00e7a de pr\u00e9dio: Vara do Trabalho de Hortol\u00e2ndia adota procedimentos tempor\u00e1rios Conte\u00fado da Not\u00edcia A Vara do Trabalho de Hortol\u00e2ndia passar\u00e1 por uma mudan\u00e7a de instala\u00e7\u00f5es a partir do dia 25 de novembro de 2024. Durante o per\u00edodo necess\u00e1rio [&hellip;]<\/p>\n","protected":false},"author":0,"featured_media":0,"comment_status":"open","ping_status":"open","sticky":false,"template":"","format":"standard","meta":[],"categories":[1],"tags":[],"_links":{"self":[{"href":"https:\/\/aprimora.site\/carvalhoalmeidaadvogados\/wp-json\/wp\/v2\/posts\/8238"}],"collection":[{"href":"https:\/\/aprimora.site\/carvalhoalmeidaadvogados\/wp-json\/wp\/v2\/posts"}],"about":[{"href":"https:\/\/aprimora.site\/carvalhoalmeidaadvogados\/wp-json\/wp\/v2\/types\/post"}],"replies":[{"embeddable":true,"href":"https:\/\/aprimora.site\/carvalhoalmeidaadvogados\/wp-json\/wp\/v2\/comments?post=8238"}],"version-history":[{"count":0,"href":"https:\/\/aprimora.site\/carvalhoalmeidaadvogados\/wp-json\/wp\/v2\/posts\/8238\/revisions"}],"wp:attachment":[{"href":"https:\/\/aprimora.site\/carvalhoalmeidaadvogados\/wp-json\/wp\/v2\/media?parent=8238"}],"wp:term":[{"taxonomy":"category","embeddable":true,"href":"https:\/\/aprimora.site\/carvalhoalmeidaadvogados\/wp-json\/wp\/v2\/categories?post=8238"},{"taxonomy":"post_tag","embeddable":true,"href":"https:\/\/aprimora.site\/carvalhoalmeidaadvogados\/wp-json\/wp\/v2\/tags?post=8238"}],"curies":[{"name":"wp","href":"https:\/\/api.w.org\/{rel}","templated":true}]}}