{"id":8224,"date":"2024-11-27T16:38:22","date_gmt":"2024-11-27T19:38:22","guid":{"rendered":"https:\/\/aprimora.site\/carvalhoalmeidaadvogados\/2024\/11\/27\/stj-noticias-traz-decisao-que-considerou-legal-limite-de-1-para-rotulagem-de-transgenicos\/"},"modified":"2024-11-27T16:38:22","modified_gmt":"2024-11-27T19:38:22","slug":"stj-noticias-traz-decisao-que-considerou-legal-limite-de-1-para-rotulagem-de-transgenicos","status":"publish","type":"post","link":"https:\/\/aprimora.site\/carvalhoalmeidaadvogados\/2024\/11\/27\/stj-noticias-traz-decisao-que-considerou-legal-limite-de-1-para-rotulagem-de-transgenicos\/","title":{"rendered":"STJ Not\u00edcias traz decis\u00e3o que considerou legal limite de 1% para rotulagem de transg\u00eanicos"},"content":{"rendered":"<p>STJ Not\u00edcias traz decis\u00e3o que considerou legal limite de 1% para rotulagem de transg\u00eanicos<\/p>","protected":false},"excerpt":{"rendered":"<p>STJ Not\u00edcias traz decis\u00e3o que considerou legal limite de 1% para rotulagem de transg\u00eanicos<\/p>\n","protected":false},"author":0,"featured_media":0,"comment_status":"open","ping_status":"open","sticky":false,"template":"","format":"standard","meta":[],"categories":[1],"tags":[],"_links":{"self":[{"href":"https:\/\/aprimora.site\/carvalhoalmeidaadvogados\/wp-json\/wp\/v2\/posts\/8224"}],"collection":[{"href":"https:\/\/aprimora.site\/carvalhoalmeidaadvogados\/wp-json\/wp\/v2\/posts"}],"about":[{"href":"https:\/\/aprimora.site\/carvalhoalmeidaadvogados\/wp-json\/wp\/v2\/types\/post"}],"replies":[{"embeddable":true,"href":"https:\/\/aprimora.site\/carvalhoalmeidaadvogados\/wp-json\/wp\/v2\/comments?post=8224"}],"version-history":[{"count":0,"href":"https:\/\/aprimora.site\/carvalhoalmeidaadvogados\/wp-json\/wp\/v2\/posts\/8224\/revisions"}],"wp:attachment":[{"href":"https:\/\/aprimora.site\/carvalhoalmeidaadvogados\/wp-json\/wp\/v2\/media?parent=8224"}],"wp:term":[{"taxonomy":"category","embeddable":true,"href":"https:\/\/aprimora.site\/carvalhoalmeidaadvogados\/wp-json\/wp\/v2\/categories?post=8224"},{"taxonomy":"post_tag","embeddable":true,"href":"https:\/\/aprimora.site\/carvalhoalmeidaadvogados\/wp-json\/wp\/v2\/tags?post=8224"}],"curies":[{"name":"wp","href":"https:\/\/api.w.org\/{rel}","templated":true}]}}