{"id":8222,"date":"2024-11-27T16:38:22","date_gmt":"2024-11-27T19:38:22","guid":{"rendered":"https:\/\/aprimora.site\/carvalhoalmeidaadvogados\/2024\/11\/27\/e-possivel-reconhecer-filiacao-socioafetiva-entre-avos-e-netos-maiores-de-idade-decide-terceira-turma\/"},"modified":"2024-11-27T16:38:22","modified_gmt":"2024-11-27T19:38:22","slug":"e-possivel-reconhecer-filiacao-socioafetiva-entre-avos-e-netos-maiores-de-idade-decide-terceira-turma","status":"publish","type":"post","link":"https:\/\/aprimora.site\/carvalhoalmeidaadvogados\/2024\/11\/27\/e-possivel-reconhecer-filiacao-socioafetiva-entre-avos-e-netos-maiores-de-idade-decide-terceira-turma\/","title":{"rendered":"\u00c9 poss\u00edvel reconhecer filia\u00e7\u00e3o socioafetiva entre av\u00f3s e netos maiores de idade, decide Terceira Turma"},"content":{"rendered":"<p>A relatora do recurso especial, ministra Nancy Andrighi, afirmou que a filia\u00e7\u00e3o socioafetiva n\u00e3o pode ser confundida com a ado\u00e7\u00e3o, que \u00e9 proibida por lei no caso de av\u00f3s e netos.<\/p>","protected":false},"excerpt":{"rendered":"<p>A relatora do recurso especial, ministra Nancy Andrighi, afirmou que a filia\u00e7\u00e3o socioafetiva n\u00e3o pode ser confundida com a ado\u00e7\u00e3o, que \u00e9 proibida por lei no caso de av\u00f3s e netos.<\/p>\n","protected":false},"author":0,"featured_media":0,"comment_status":"open","ping_status":"open","sticky":false,"template":"","format":"standard","meta":[],"categories":[1],"tags":[],"_links":{"self":[{"href":"https:\/\/aprimora.site\/carvalhoalmeidaadvogados\/wp-json\/wp\/v2\/posts\/8222"}],"collection":[{"href":"https:\/\/aprimora.site\/carvalhoalmeidaadvogados\/wp-json\/wp\/v2\/posts"}],"about":[{"href":"https:\/\/aprimora.site\/carvalhoalmeidaadvogados\/wp-json\/wp\/v2\/types\/post"}],"replies":[{"embeddable":true,"href":"https:\/\/aprimora.site\/carvalhoalmeidaadvogados\/wp-json\/wp\/v2\/comments?post=8222"}],"version-history":[{"count":0,"href":"https:\/\/aprimora.site\/carvalhoalmeidaadvogados\/wp-json\/wp\/v2\/posts\/8222\/revisions"}],"wp:attachment":[{"href":"https:\/\/aprimora.site\/carvalhoalmeidaadvogados\/wp-json\/wp\/v2\/media?parent=8222"}],"wp:term":[{"taxonomy":"category","embeddable":true,"href":"https:\/\/aprimora.site\/carvalhoalmeidaadvogados\/wp-json\/wp\/v2\/categories?post=8222"},{"taxonomy":"post_tag","embeddable":true,"href":"https:\/\/aprimora.site\/carvalhoalmeidaadvogados\/wp-json\/wp\/v2\/tags?post=8222"}],"curies":[{"name":"wp","href":"https:\/\/api.w.org\/{rel}","templated":true}]}}