{"id":8194,"date":"2024-11-27T16:38:21","date_gmt":"2024-11-27T19:38:21","guid":{"rendered":"https:\/\/aprimora.site\/carvalhoalmeidaadvogados\/2024\/11\/27\/ministra-daniela-teixeira-lanca-obra-com-principais-decisoes-de-seu-primeiro-ano-no-stj\/"},"modified":"2024-11-27T16:38:21","modified_gmt":"2024-11-27T19:38:21","slug":"ministra-daniela-teixeira-lanca-obra-com-principais-decisoes-de-seu-primeiro-ano-no-stj","status":"publish","type":"post","link":"https:\/\/aprimora.site\/carvalhoalmeidaadvogados\/2024\/11\/27\/ministra-daniela-teixeira-lanca-obra-com-principais-decisoes-de-seu-primeiro-ano-no-stj\/","title":{"rendered":"Ministra Daniela Teixeira lan\u00e7a obra com principais decis\u00f5es de seu primeiro ano no STJ"},"content":{"rendered":"<p>Ministra Daniela Teixeira lan\u00e7a obra com principais decis\u00f5es de seu primeiro ano no STJ<\/p>","protected":false},"excerpt":{"rendered":"<p>Ministra Daniela Teixeira lan\u00e7a obra com principais decis\u00f5es de seu primeiro ano no STJ<\/p>\n","protected":false},"author":0,"featured_media":0,"comment_status":"open","ping_status":"open","sticky":false,"template":"","format":"standard","meta":[],"categories":[1],"tags":[],"_links":{"self":[{"href":"https:\/\/aprimora.site\/carvalhoalmeidaadvogados\/wp-json\/wp\/v2\/posts\/8194"}],"collection":[{"href":"https:\/\/aprimora.site\/carvalhoalmeidaadvogados\/wp-json\/wp\/v2\/posts"}],"about":[{"href":"https:\/\/aprimora.site\/carvalhoalmeidaadvogados\/wp-json\/wp\/v2\/types\/post"}],"replies":[{"embeddable":true,"href":"https:\/\/aprimora.site\/carvalhoalmeidaadvogados\/wp-json\/wp\/v2\/comments?post=8194"}],"version-history":[{"count":0,"href":"https:\/\/aprimora.site\/carvalhoalmeidaadvogados\/wp-json\/wp\/v2\/posts\/8194\/revisions"}],"wp:attachment":[{"href":"https:\/\/aprimora.site\/carvalhoalmeidaadvogados\/wp-json\/wp\/v2\/media?parent=8194"}],"wp:term":[{"taxonomy":"category","embeddable":true,"href":"https:\/\/aprimora.site\/carvalhoalmeidaadvogados\/wp-json\/wp\/v2\/categories?post=8194"},{"taxonomy":"post_tag","embeddable":true,"href":"https:\/\/aprimora.site\/carvalhoalmeidaadvogados\/wp-json\/wp\/v2\/tags?post=8194"}],"curies":[{"name":"wp","href":"https:\/\/api.w.org\/{rel}","templated":true}]}}