{"id":8193,"date":"2024-11-27T16:38:21","date_gmt":"2024-11-27T19:38:21","guid":{"rendered":"https:\/\/aprimora.site\/carvalhoalmeidaadvogados\/2024\/11\/27\/decisao-da-justica-brasileira-que-manda-retirar-conteudo-da-internet-pode-ter-efeitos-internacionais\/"},"modified":"2024-11-27T16:38:21","modified_gmt":"2024-11-27T19:38:21","slug":"decisao-da-justica-brasileira-que-manda-retirar-conteudo-da-internet-pode-ter-efeitos-internacionais","status":"publish","type":"post","link":"https:\/\/aprimora.site\/carvalhoalmeidaadvogados\/2024\/11\/27\/decisao-da-justica-brasileira-que-manda-retirar-conteudo-da-internet-pode-ter-efeitos-internacionais\/","title":{"rendered":"Decis\u00e3o da Justi\u00e7a brasileira que manda retirar conte\u00fado da internet pode ter efeitos internacionais"},"content":{"rendered":"<p>A empresa v\u00edtima de conte\u00fado ofensivo publicado no YouTube demonstrou que, embora a ordem para retir\u00e1-lo tenha sido cumprida no Brasil, ele continuava acess\u00edvel em outros pa\u00edses.<\/p>","protected":false},"excerpt":{"rendered":"<p>A empresa v\u00edtima de conte\u00fado ofensivo publicado no YouTube demonstrou que, embora a ordem para retir\u00e1-lo tenha sido cumprida no Brasil, ele continuava acess\u00edvel em outros pa\u00edses.<\/p>\n","protected":false},"author":0,"featured_media":0,"comment_status":"open","ping_status":"open","sticky":false,"template":"","format":"standard","meta":[],"categories":[1],"tags":[],"_links":{"self":[{"href":"https:\/\/aprimora.site\/carvalhoalmeidaadvogados\/wp-json\/wp\/v2\/posts\/8193"}],"collection":[{"href":"https:\/\/aprimora.site\/carvalhoalmeidaadvogados\/wp-json\/wp\/v2\/posts"}],"about":[{"href":"https:\/\/aprimora.site\/carvalhoalmeidaadvogados\/wp-json\/wp\/v2\/types\/post"}],"replies":[{"embeddable":true,"href":"https:\/\/aprimora.site\/carvalhoalmeidaadvogados\/wp-json\/wp\/v2\/comments?post=8193"}],"version-history":[{"count":0,"href":"https:\/\/aprimora.site\/carvalhoalmeidaadvogados\/wp-json\/wp\/v2\/posts\/8193\/revisions"}],"wp:attachment":[{"href":"https:\/\/aprimora.site\/carvalhoalmeidaadvogados\/wp-json\/wp\/v2\/media?parent=8193"}],"wp:term":[{"taxonomy":"category","embeddable":true,"href":"https:\/\/aprimora.site\/carvalhoalmeidaadvogados\/wp-json\/wp\/v2\/categories?post=8193"},{"taxonomy":"post_tag","embeddable":true,"href":"https:\/\/aprimora.site\/carvalhoalmeidaadvogados\/wp-json\/wp\/v2\/tags?post=8193"}],"curies":[{"name":"wp","href":"https:\/\/api.w.org\/{rel}","templated":true}]}}