{"id":8186,"date":"2024-11-27T16:38:20","date_gmt":"2024-11-27T19:38:20","guid":{"rendered":"https:\/\/aprimora.site\/carvalhoalmeidaadvogados\/2024\/11\/27\/joule-entrevista-o-deputado-aliel-machado\/"},"modified":"2024-11-27T16:38:20","modified_gmt":"2024-11-27T19:38:20","slug":"joule-entrevista-o-deputado-aliel-machado","status":"publish","type":"post","link":"https:\/\/aprimora.site\/carvalhoalmeidaadvogados\/2024\/11\/27\/joule-entrevista-o-deputado-aliel-machado\/","title":{"rendered":"Joule entrevista o deputado Aliel Machado"},"content":{"rendered":"<p><span>Excepcionalmente nesta semana, o Joule,<\/span><a href=\"https:\/\/www.jota.info\/blog\/jota-lanca-o-joule-podcast-semanal-sobre-energia-em-parceria-com-o-inte\"> <span>podcast de energia do <span class=\"jota\">JOTA<\/span><\/span><\/a><span>, ser\u00e1 publicado na quinta-feira (28\/11). A entrevista ser\u00e1 com o deputado Aliel Machado (PV-PR).<\/span><\/p>\n<p><span>O podcast Joule \u00e9 uma parceria com o Int\u00e9. O programa vai ao ar todas \u00e0s ter\u00e7as-feiras com entrevistas e an\u00e1lises sobre os temas mais relevantes para o setor de energia. Tamb\u00e9m \u00e0s sextas, uma edi\u00e7\u00e3o direto ao ponto resume os principais acontecimentos da semana e o que esperar dos dias seguintes.<\/span><\/p>\n<p>Todos os epis\u00f3dios est\u00e3o dispon\u00edveis nos principais tocadores de \u00e1udio (incluindo Spotify, Deezer, Amazon Music) e no Youtube.<\/p>\n<p>Nas \u00faltimas semanas, o Joule abordou:\u00a0 mercado regular de <a href=\"https:\/\/www.jota.info\/energia\/podcast-joule-debate-as-demandas-do-mercado-regular-da-gasolina-e-diesel\" target=\"_blank\" rel=\"noopener\">gasolina e diesel<\/a>, <a href=\"https:\/\/www.jota.info\/artigos\/podcast-joule-debate-o-financiamento-da-transicao-climatica\" target=\"_blank\" rel=\"noopener\">financiamento da transi\u00e7\u00e3o clim\u00e1tica<\/a>, a\u00a0<a href=\"https:\/\/www.jota.info\/energia\/podcast-joule-debate-a-crise-eletrica-em-sao-paulo-e-as-pressoes-a-aneel\" target=\"_blank\" rel=\"noopener\">crise el\u00e9trica<\/a>\u00a0em S\u00e3o Paulo, a\u00a0<a href=\"https:\/\/www.jota.info\/energia\/podcast-joule-discute-como-garantir-a-geracao-de-energia-eletrica-no-brasil\" target=\"_blank\" rel=\"noopener\">gera\u00e7\u00e3o de energia el\u00e9trica<\/a>\u00a0no Brasil,\u00a0<a href=\"https:\/\/www.jota.info\/energia\/podcast-joule-fala-sobre-aumento-de-apostas-na-energia-nuclear-e-papel-do-brasil-20082024\">o futuro da energia nuclear<\/a>, a corrida pelo\u00a0<a href=\"https:\/\/www.jota.info\/energia\/podcast-joule-fala-sobre-a-corrida-pelo-hidrogenio-verde-no-nordeste-brasileiro-13082024\">hidrog\u00eanio verde<\/a>\u00a0no Nordeste brasileiro, a\u00a0<a href=\"https:\/\/www.jota.info\/energia\/podcast-joule-destrincha-como-crime-organizado-atua-na-operacao-de-combustiveis-30072024\">atua\u00e7\u00e3o do crime organizado<\/a>\u00a0na opera\u00e7\u00e3o de combust\u00edveis, os progn\u00f3sticos para o<a href=\"https:\/\/www.jota.info\/energia\/podcast-joule-aborda-o-atual-momento-do-gas-natural-e-do-biometano-no-brasil-23072024\" target=\"_blank\" rel=\"noopener\">\u00a0g\u00e1s natural e o biometano<\/a>, o\u00a0<a href=\"https:\/\/www.jota.info\/energia\/podcast-joule-analisa-aumento-da-importacao-de-combustiveis-no-brasil-16072024\">aumento da importa\u00e7\u00e3o<\/a>\u00a0de diesel,\u00a0<a href=\"https:\/\/www.jota.info\/energia\/podcast-joule-recebe-lais-garcia-do-ministerio-de-relacoes-exteriores-09072024\" target=\"_blank\" rel=\"noopener\">a vis\u00e3o do Itamaraty<\/a>\u00a0sobre o papel do Brasil na transi\u00e7\u00e3o energ\u00e9tica, as pautas da\u00a0<a href=\"https:\/\/www.jota.info\/energia\/podcast-joule-recebe-o-diretor-geral-da-aneel-sandoval-feitosa-02072024\" target=\"_blank\" rel=\"noopener\">Aneel<\/a>, a agenda de\u00a0<a href=\"https:\/\/www.jota.info\/energia\/podcast-joule-trata-da-agenda-de-energia-no-congresso-com-o-senador-confucio-moura-25062024\" target=\"_blank\" rel=\"noopener\">energia no Congresso<\/a>, a\u00a0<a href=\"https:\/\/www.jota.info\/energia\/podcast-joule-entrevista-o-diretor-geral-da-anp-rodolfo-saboia-18062024\" target=\"_blank\" rel=\"noopener\">vis\u00e3o da ANP para a transi\u00e7\u00e3o energ\u00e9tica<\/a>, os\u00a0<a href=\"https:\/\/www.jota.info\/energia\/podcast-joule-recebe-o-diretor-juridico-do-bndes-e-aborda-investimentos-em-energia-11062024\" target=\"_blank\" rel=\"noopener\">investimentos do BNDES<\/a> em infraestrutura energ\u00e9tica.<\/p>","protected":false},"excerpt":{"rendered":"<p>Excepcionalmente nesta semana, o Joule, podcast de energia do JOTA, ser\u00e1 publicado na quinta-feira (28\/11). A entrevista ser\u00e1 com o deputado Aliel Machado (PV-PR). O podcast Joule \u00e9 uma parceria com o Int\u00e9. O programa vai ao ar todas \u00e0s ter\u00e7as-feiras com entrevistas e an\u00e1lises sobre os temas mais relevantes para o setor de energia. [&hellip;]<\/p>\n","protected":false},"author":0,"featured_media":0,"comment_status":"open","ping_status":"open","sticky":false,"template":"","format":"standard","meta":[],"categories":[1],"tags":[],"_links":{"self":[{"href":"https:\/\/aprimora.site\/carvalhoalmeidaadvogados\/wp-json\/wp\/v2\/posts\/8186"}],"collection":[{"href":"https:\/\/aprimora.site\/carvalhoalmeidaadvogados\/wp-json\/wp\/v2\/posts"}],"about":[{"href":"https:\/\/aprimora.site\/carvalhoalmeidaadvogados\/wp-json\/wp\/v2\/types\/post"}],"replies":[{"embeddable":true,"href":"https:\/\/aprimora.site\/carvalhoalmeidaadvogados\/wp-json\/wp\/v2\/comments?post=8186"}],"version-history":[{"count":0,"href":"https:\/\/aprimora.site\/carvalhoalmeidaadvogados\/wp-json\/wp\/v2\/posts\/8186\/revisions"}],"wp:attachment":[{"href":"https:\/\/aprimora.site\/carvalhoalmeidaadvogados\/wp-json\/wp\/v2\/media?parent=8186"}],"wp:term":[{"taxonomy":"category","embeddable":true,"href":"https:\/\/aprimora.site\/carvalhoalmeidaadvogados\/wp-json\/wp\/v2\/categories?post=8186"},{"taxonomy":"post_tag","embeddable":true,"href":"https:\/\/aprimora.site\/carvalhoalmeidaadvogados\/wp-json\/wp\/v2\/tags?post=8186"}],"curies":[{"name":"wp","href":"https:\/\/api.w.org\/{rel}","templated":true}]}}