{"id":8175,"date":"2024-11-27T16:38:20","date_gmt":"2024-11-27T19:38:20","guid":{"rendered":"https:\/\/aprimora.site\/carvalhoalmeidaadvogados\/2024\/11\/27\/os-cuidados-que-o-brasil-deve-ter-na-reducao-da-jornada-de-trabalho\/"},"modified":"2024-11-27T16:38:20","modified_gmt":"2024-11-27T19:38:20","slug":"os-cuidados-que-o-brasil-deve-ter-na-reducao-da-jornada-de-trabalho","status":"publish","type":"post","link":"https:\/\/aprimora.site\/carvalhoalmeidaadvogados\/2024\/11\/27\/os-cuidados-que-o-brasil-deve-ter-na-reducao-da-jornada-de-trabalho\/","title":{"rendered":"Os cuidados que o Brasil deve ter na redu\u00e7\u00e3o da jornada de trabalho"},"content":{"rendered":"<p>\u00c9 atraente, do ponto de vista pol\u00edtico, a proposta de altera\u00e7\u00e3o da Constitui\u00e7\u00e3o Federal que possibilite ao trabalhador ampliar o seu tempo com lazer, reduzindo os atuais 6 x 1 para uma escala menor de trabalho e, hipoteticamente, potencializar o aumento de oferta de emprego com a necessidade preeminente de ocupar as vagas dispon\u00edveis para atender tal pol\u00edtica. A pergunta que precisamos nos debru\u00e7ar \u00e9: considerando o baixo grau de produtividade, as lacunas no desenvolvimento de compet\u00eancias profissionais, a infraestrutura tecnol\u00f3gica limitada, al\u00e9m da press\u00e3o fiscal constante nas nossas contas, o Brasil est\u00e1 pronto para dar este salto?<\/p>\n<p>N\u00e3o se discute os benef\u00edcios para o trabalhador e, consequentemente, para sociedade, que a redu\u00e7\u00e3o da jornada pode trazer. Neste artigo, o que se prop\u00f5e \u00e9 a necessidade de um debate que enfrente quest\u00f5es da economia real, como a diversidade entre os setores impactados e as diversidades regionais, por exemplo.<\/p>\n<h3><a href=\"https:\/\/www.jota.info\/produtos\/poder?utm_source=cta-site&amp;utm_medium=site&amp;utm_campaign=campanha_poder_q2&amp;utm_id=cta_texto_poder_q2_2023&amp;utm_term=cta_texto_poder&amp;utm_term=cta_texto_poder_meio_materias\">Conhe\u00e7a o <span class=\"jota\">JOTA<\/span> PRO Poder, uma plataforma de monitoramento pol\u00edtico e regulat\u00f3rio que oferece mais transpar\u00eancia e previsibilidade para empresas<\/a><\/h3>\n<p>De parte das empresas, a poss\u00edvel forma de compensar esta lacuna que representaria a diminui\u00e7\u00e3o da carga hor\u00e1ria do trabalhador, seria a introdu\u00e7\u00e3o de servi\u00e7os tecnol\u00f3gicos para garantir a produtividade do trabalho com vistas a reduzir os impactos nos custos de produ\u00e7\u00e3o, uma vez que introduzir tecnologia tamb\u00e9m acarreta custos.<\/p>\n<p>Acontece que o Brasil est\u00e1 em 57\u00ba lugar no mundo no ranking de competitividade digital de 2023, divulgado pelo IMD World Competitiveness Center em parceria com o N\u00facleo de Inova\u00e7\u00e3o e Empreendedorismo da Funda\u00e7\u00e3o Dom Cabral (FDC). De forma clara, n\u00e3o temos a capacidade de responder de forma estrutural a chamada por esta necessidade de ganho de produtividade.<\/p>\n<p>Por outro lado, as empresas poderiam dispor de m\u00e3o de obra mais qualificada para suprir esta queda na produtividade, representada pela diminui\u00e7\u00e3o de horas laborais. Mas vejamos os nossos dados de qualifica\u00e7\u00e3o de m\u00e3o de obra no Brasil. Segundo o Relat\u00f3rio Global de Talento 2023 \u2013 INSEAD (Instituto Europeu de Administra\u00e7\u00e3o de Neg\u00f3cios), o Brasil encontra-se na 69\u00aa posi\u00e7\u00e3o entre 134 pa\u00edses quando analisada a baixa qualidade educacional, defasagem tecnol\u00f3gica, limita\u00e7\u00e3o de forma\u00e7\u00e3o t\u00e9cnica e desconex\u00e3o da educa\u00e7\u00e3o com o mercado como os principais fatores identificados.<\/p>\n<p>Ainda que a redu\u00e7\u00e3o de jornada n\u00e3o seja a constante na proposta apresentada pela deputada Erika Hilton, e que o 4 x 3 possa ser o ponto de sa\u00edda para negociar um 5 x 2, n\u00e3o \u00e9 poss\u00edvel garantir que o conjunto dos trabalhadores sair\u00e1 beneficiado com tal medida. O mercado de trabalho e a economia seguir\u00e3o os seus pragmatismos costumeiros. Sem condi\u00e7\u00e3o de manter a produtividade com incremento tecnol\u00f3gico e com a baixa qualifica\u00e7\u00e3o da m\u00e3o de obra, o empregador aumentar\u00e1 o custo da sua folha, ainda que pressione pela diminui\u00e7\u00e3o dos sal\u00e1rios pagos aos seus trabalhadores. A consequ\u00eancia imediata ao cumprimento da nova pol\u00edtica ser\u00e1 o aumento do custo de produ\u00e7\u00e3o, precariza\u00e7\u00e3o da for\u00e7a de trabalho e a press\u00e3o por sal\u00e1rios mais achatados.<\/p>\n<p>Para a economia, uma altera\u00e7\u00e3o desta ordem, sem planejamento, tem o potencial de reduzir o Produto Interno Bruto (<a href=\"https:\/\/www.jota.info\/tudo-sobre\/pib\">PIB<\/a>), diminuir a capacidade produtiva e elevar os custos para as empresas com o potencial aumento de pre\u00e7os na economia e a t\u00e3o indesejada infla\u00e7\u00e3o.<\/p>\n<p>Em \u00faltima an\u00e1lise, n\u00e3o se mexe na carga hor\u00e1ria dos trabalhadores com uma caneta a servi\u00e7o da pol\u00edtica. O esfor\u00e7o representado por esta proposta, necessariamente dever\u00e1 ser precedido por um investimento massivo em qualifica\u00e7\u00e3o profissional, moderniza\u00e7\u00e3o tecnol\u00f3gica, desburocratiza\u00e7\u00e3o e consolida\u00e7\u00e3o da Reforma Tribut\u00e1ria. Por\u00e9m, infelizmente, a pol\u00edtica tem pressa.<\/p>","protected":false},"excerpt":{"rendered":"<p>\u00c9 atraente, do ponto de vista pol\u00edtico, a proposta de altera\u00e7\u00e3o da Constitui\u00e7\u00e3o Federal que possibilite ao trabalhador ampliar o seu tempo com lazer, reduzindo os atuais 6 x 1 para uma escala menor de trabalho e, hipoteticamente, potencializar o aumento de oferta de emprego com a necessidade preeminente de ocupar as vagas dispon\u00edveis para [&hellip;]<\/p>\n","protected":false},"author":0,"featured_media":0,"comment_status":"open","ping_status":"open","sticky":false,"template":"","format":"standard","meta":[],"categories":[1],"tags":[],"_links":{"self":[{"href":"https:\/\/aprimora.site\/carvalhoalmeidaadvogados\/wp-json\/wp\/v2\/posts\/8175"}],"collection":[{"href":"https:\/\/aprimora.site\/carvalhoalmeidaadvogados\/wp-json\/wp\/v2\/posts"}],"about":[{"href":"https:\/\/aprimora.site\/carvalhoalmeidaadvogados\/wp-json\/wp\/v2\/types\/post"}],"replies":[{"embeddable":true,"href":"https:\/\/aprimora.site\/carvalhoalmeidaadvogados\/wp-json\/wp\/v2\/comments?post=8175"}],"version-history":[{"count":0,"href":"https:\/\/aprimora.site\/carvalhoalmeidaadvogados\/wp-json\/wp\/v2\/posts\/8175\/revisions"}],"wp:attachment":[{"href":"https:\/\/aprimora.site\/carvalhoalmeidaadvogados\/wp-json\/wp\/v2\/media?parent=8175"}],"wp:term":[{"taxonomy":"category","embeddable":true,"href":"https:\/\/aprimora.site\/carvalhoalmeidaadvogados\/wp-json\/wp\/v2\/categories?post=8175"},{"taxonomy":"post_tag","embeddable":true,"href":"https:\/\/aprimora.site\/carvalhoalmeidaadvogados\/wp-json\/wp\/v2\/tags?post=8175"}],"curies":[{"name":"wp","href":"https:\/\/api.w.org\/{rel}","templated":true}]}}