{"id":8130,"date":"2024-11-14T19:21:19","date_gmt":"2024-11-14T22:21:19","guid":{"rendered":"https:\/\/aprimora.site\/carvalhoalmeidaadvogados\/2024\/11\/14\/estudantes-da-faculdade-de-ensino-superior-de-santa-barbara-de-tatui-visitam-sede-do-trt-15\/"},"modified":"2024-11-14T19:21:19","modified_gmt":"2024-11-14T22:21:19","slug":"estudantes-da-faculdade-de-ensino-superior-de-santa-barbara-de-tatui-visitam-sede-do-trt-15","status":"publish","type":"post","link":"https:\/\/aprimora.site\/carvalhoalmeidaadvogados\/2024\/11\/14\/estudantes-da-faculdade-de-ensino-superior-de-santa-barbara-de-tatui-visitam-sede-do-trt-15\/","title":{"rendered":"Estudantes da Faculdade de Ensino Superior de Santa B\u00e1rbara de Tatu\u00ed visitam sede do TRT-15"},"content":{"rendered":"<p><span>Estudantes da Faculdade de Ensino Superior de Santa B\u00e1rbara de Tatu\u00ed visitam sede do TRT-15<\/span><\/p>\n<div>  <a href=\"https:\/\/trt15.jus.br\/noticia\/2024\/estudantes-da-faculdade-de-ensino-superior-de-santa-barbara-de-tatui-visitam-sede-do\"><\/a>\n<\/div>\n<p><span><span>anasiqueira<\/span><\/span><\/p>\n<p><span>Qui, 14\/11\/2024 &#8211; 16:21<\/span><\/p>\n<div>\n<div>Estudantes da Faculdade de Ensino Superior de Santa B\u00e1rbara de Tatu\u00ed visitam sede do TRT-15<\/div>\n<\/div>\n<div>\n<div class=\"visually-hidden\">Conte\u00fado da Not\u00edcia<\/div>\n<div>\n<p>Na tarde desta quarta-feira, 13\/11, a sede do Tribunal Regional do Trabalho da 15\u00aa Regi\u00e3o recebeu a visita de 24 estudantes de Direito da Faculdade de Ensino Superior Santa B\u00e1rbara, de Tatu\u00ed. A visita foi realizada a convite da desembargadora Adriene Sidnei de Moura David, que recentemente ministrou uma palestra na Semana Jur\u00eddica promovida pela universidade. Ao chegarem, os estudantes posaram para a tradicional foto em frente ao edif\u00edcio. Al\u00e9m da desembargadora anfitri\u00e3, acompanharam os universit\u00e1rios os professores Domingos Polini Neto e F\u00e1bio Henrique Goddo.<\/p>\n<p><em>#ParaTodosVerem: estudantes posam para foto na mesa alta do plen\u00e1rio ao lado da desembargadora Adriene.<\/em><\/p>\n<p>Os alunos se dirigiram ao Plen\u00e1rio Ministro Coqueijo Costa, onde assistiram a uma sess\u00e3o de julgamento da Se\u00e7\u00e3o de Diss\u00eddios Coletivos (SDC). Antes de iniciar a sess\u00e3o, a desembargadora Adriene David apresentou o espa\u00e7o aos convidados e falou da posi\u00e7\u00e3o que os magistrados ocupam no plen\u00e1rio. Na sequ\u00eancia, foi exibido um v\u00eddeo institucional, explicando a import\u00e2ncia do TRT-15 e a divis\u00e3o da Justi\u00e7a do Trabalho no estado de S\u00e3o Paulo.<\/p>\n\n<p><em>#ParaTodosVerem: desembargador Luiz Felipe Lobo\u00a0fala ao microfone para os\u00a0estudantes que est\u00e3o sentados nas cadeiras do plen\u00e1rio.\u00a0<\/em><\/p>\n<p>O desembargador Luiz Felipe Paim da Luz Bruno Lobo, vice-diretor da Escola Judicial do TRT-15 e eleito diretor para o bi\u00eanio 2024\/2026, falou sobre a relev\u00e2ncia do Poder Judici\u00e1rio para a democracia. Segundo disse, \u201cn\u00e3o existe uma democracia se n\u00e3o existir um Judici\u00e1rio; n\u00e3o existe uma democracia forte se o Judici\u00e1rio tamb\u00e9m n\u00e3o for forte\u201d. O desembargador tamb\u00e9m explicou sobre o uso da vestimenta talar, que serve para despersonificar a figura do julgador. \u201cOs julgadores n\u00e3o s\u00e3o as pessoas f\u00edsicas propriamente ditas, eles est\u00e3o representando o Estado-juiz\u201d, concluiu.<\/p>\n<p><em>#ParaTodosVerem: estudantes acompanham as audi\u00eancias de concilia\u00e7\u00e3o no Cejusc de 2\u00ba grau que acontecem em mesas-redondas.<\/em><\/p>\n<p>Logo depois, os alunos conheceram o Centro Judici\u00e1rio de M\u00e9todos Consensuais de Solu\u00e7\u00e3o de Disputas da Justi\u00e7a do Trabalho de 2\u00ba Grau (Cejusc), localizado no 1\u00ba andar, onde a ju\u00edza Dora Rossi G\u00f3es Sanches, supervisora do Cejusc-2, explicou as funcionalidades do \u00f3rg\u00e3o. \u201cAqui realizamos audi\u00eancias na tentativa de solucionar conflitos de uma forma pac\u00edfica, dialogada e consensual, tanto em \u00a0processos que j\u00e1 tramitam, quanto em casos pr\u00e9-processuais\u201d, orientou a magistrada. Falou tamb\u00e9m sobre o complexo Caso Shell\/ Basf, que envolveu muito empenho conciliat\u00f3rio do ju\u00edzo e das partes envolvidas. Os alunos ainda acompanharam uma audi\u00eancia de concilia\u00e7\u00e3o em a\u00e7\u00e3o coletiva.<\/p>\n\n<p><em>#ParaTodosVerem: estudantes conhecem as instala\u00e7\u00f5es do CMAC.<\/em><\/p>\n<p>Em seguida, os alunos visitaram o Centro de Mem\u00f3ria, Arquivo e Cultura (CMAC), espa\u00e7o destinado a recolher, preservar e garantir o acesso a documentos relacionados \u00e0 hist\u00f3ria da Justi\u00e7a do Trabalho em Campinas, no TRT-15 e tamb\u00e9m no Brasil.\u00a0<\/p>\n\n<p><em>#ParaTodosVerem: estudantes posam para a foto em frente ao CMAC, acompanhados das desembargadoras Eleonora Coca e Adriene David.<\/em><\/p>\n<p>No final da programa\u00e7\u00e3o, a desembargadora Eleonora Bordini Coca, eleita vice-diretora da EJud-15 para o bi\u00eanio 2024\/2026, apresentou-se aos alunos e falou da import\u00e2ncia de conhecer mais profundamente o Direito do Trabalho \u201cpor ser uma das primeiras pol\u00edticas afirmativas que n\u00f3s temos\u201d. A desembargadora destacou tamb\u00e9m a relev\u00e2ncia de todas as fun\u00e7\u00f5es essenciais da Justi\u00e7a e, finalmente, explicou sobre o trabalho dos comit\u00eas do TRT-15, sugerindo que os operadores do Direito sempre olhem \u201cos seres humanos que est\u00e3o no processo\u201d.<\/p>\n<p><em>#ParaTodosVerem: estudantes posam para a foto em frente \u00e0 fachada do TRT-15.<\/em><\/p>\n<\/div><\/div>\n<div>\n<div>Unidade Respons\u00e1vel:<\/div>\n<div>Comunica\u00e7\u00e3o Social<\/div>\n<\/div>\n<div>Qui, 14\/11\/2024 &#8211; 16:21<\/div>\n<p>      <span class=\"a2a_kit a2a_kit_size_16 addtoany_list\"><a class=\"a2a_dd addtoany_share\" href=\"https:\/\/www.addtoany.com\/share#url=https%3A%2F%2Ftrt15.jus.br%2Fnoticia%2F2024%2Festudantes-da-faculdade-de-ensino-superior-de-santa-barbara-de-tatui-visitam-sede-do&amp;title=Estudantes%20da%20Faculdade%20de%20Ensino%20Superior%20de%20Santa%20B%C3%A1rbara%20de%20Tatu%C3%AD%20visitam%20sede%20do%20TRT-15\"><\/a><a class=\"a2a_button_whatsapp\"><\/a><a class=\"a2a_button_google_gmail\"><\/a><a class=\"a2a_button_twitter\"><\/a><a class=\"a2a_button_facebook\"><\/a><a class=\"a2a_button_linkedin\"><\/a><\/span><\/p>","protected":false},"excerpt":{"rendered":"<p>Estudantes da Faculdade de Ensino Superior de Santa B\u00e1rbara de Tatu\u00ed visitam sede do TRT-15 anasiqueira Qui, 14\/11\/2024 &#8211; 16:21 Estudantes da Faculdade de Ensino Superior de Santa B\u00e1rbara de Tatu\u00ed visitam sede do TRT-15 Conte\u00fado da Not\u00edcia Na tarde desta quarta-feira, 13\/11, a sede do Tribunal Regional do Trabalho da 15\u00aa Regi\u00e3o recebeu a [&hellip;]<\/p>\n","protected":false},"author":0,"featured_media":8131,"comment_status":"open","ping_status":"open","sticky":false,"template":"","format":"standard","meta":[],"categories":[1],"tags":[],"_links":{"self":[{"href":"https:\/\/aprimora.site\/carvalhoalmeidaadvogados\/wp-json\/wp\/v2\/posts\/8130"}],"collection":[{"href":"https:\/\/aprimora.site\/carvalhoalmeidaadvogados\/wp-json\/wp\/v2\/posts"}],"about":[{"href":"https:\/\/aprimora.site\/carvalhoalmeidaadvogados\/wp-json\/wp\/v2\/types\/post"}],"replies":[{"embeddable":true,"href":"https:\/\/aprimora.site\/carvalhoalmeidaadvogados\/wp-json\/wp\/v2\/comments?post=8130"}],"version-history":[{"count":0,"href":"https:\/\/aprimora.site\/carvalhoalmeidaadvogados\/wp-json\/wp\/v2\/posts\/8130\/revisions"}],"wp:featuredmedia":[{"embeddable":true,"href":"https:\/\/aprimora.site\/carvalhoalmeidaadvogados\/wp-json\/wp\/v2\/media\/8131"}],"wp:attachment":[{"href":"https:\/\/aprimora.site\/carvalhoalmeidaadvogados\/wp-json\/wp\/v2\/media?parent=8130"}],"wp:term":[{"taxonomy":"category","embeddable":true,"href":"https:\/\/aprimora.site\/carvalhoalmeidaadvogados\/wp-json\/wp\/v2\/categories?post=8130"},{"taxonomy":"post_tag","embeddable":true,"href":"https:\/\/aprimora.site\/carvalhoalmeidaadvogados\/wp-json\/wp\/v2\/tags?post=8130"}],"curies":[{"name":"wp","href":"https:\/\/api.w.org\/{rel}","templated":true}]}}