{"id":8109,"date":"2024-11-14T23:35:48","date_gmt":"2024-11-15T02:35:48","guid":{"rendered":"https:\/\/aprimora.site\/carvalhoalmeidaadvogados\/2024\/11\/14\/iss-compoe-base-de-calculo-do-irpj-e-da-csll-quando-apurados-pelo-regime-do-lucro-presumido\/"},"modified":"2024-11-14T23:35:48","modified_gmt":"2024-11-15T02:35:48","slug":"iss-compoe-base-de-calculo-do-irpj-e-da-csll-quando-apurados-pelo-regime-do-lucro-presumido","status":"publish","type":"post","link":"https:\/\/aprimora.site\/carvalhoalmeidaadvogados\/2024\/11\/14\/iss-compoe-base-de-calculo-do-irpj-e-da-csll-quando-apurados-pelo-regime-do-lucro-presumido\/","title":{"rendered":"ISS comp\u00f5e base de c\u00e1lculo do IRPJ e da CSLL quando apurados pelo regime do lucro presumido"},"content":{"rendered":"<p>Para a Primeira Se\u00e7\u00e3o, a ado\u00e7\u00e3o da receita bruta como eixo da tributa\u00e7\u00e3o pelo lucro presumido demonstra que o legislador quis impedir quaisquer dedu\u00e7\u00f5es, tais como impostos e outros custos.<\/p>","protected":false},"excerpt":{"rendered":"<p>Para a Primeira Se\u00e7\u00e3o, a ado\u00e7\u00e3o da receita bruta como eixo da tributa\u00e7\u00e3o pelo lucro presumido demonstra que o legislador quis impedir quaisquer dedu\u00e7\u00f5es, tais como impostos e outros custos.<\/p>\n","protected":false},"author":0,"featured_media":0,"comment_status":"open","ping_status":"open","sticky":false,"template":"","format":"standard","meta":[],"categories":[1],"tags":[],"_links":{"self":[{"href":"https:\/\/aprimora.site\/carvalhoalmeidaadvogados\/wp-json\/wp\/v2\/posts\/8109"}],"collection":[{"href":"https:\/\/aprimora.site\/carvalhoalmeidaadvogados\/wp-json\/wp\/v2\/posts"}],"about":[{"href":"https:\/\/aprimora.site\/carvalhoalmeidaadvogados\/wp-json\/wp\/v2\/types\/post"}],"replies":[{"embeddable":true,"href":"https:\/\/aprimora.site\/carvalhoalmeidaadvogados\/wp-json\/wp\/v2\/comments?post=8109"}],"version-history":[{"count":0,"href":"https:\/\/aprimora.site\/carvalhoalmeidaadvogados\/wp-json\/wp\/v2\/posts\/8109\/revisions"}],"wp:attachment":[{"href":"https:\/\/aprimora.site\/carvalhoalmeidaadvogados\/wp-json\/wp\/v2\/media?parent=8109"}],"wp:term":[{"taxonomy":"category","embeddable":true,"href":"https:\/\/aprimora.site\/carvalhoalmeidaadvogados\/wp-json\/wp\/v2\/categories?post=8109"},{"taxonomy":"post_tag","embeddable":true,"href":"https:\/\/aprimora.site\/carvalhoalmeidaadvogados\/wp-json\/wp\/v2\/tags?post=8109"}],"curies":[{"name":"wp","href":"https:\/\/api.w.org\/{rel}","templated":true}]}}