{"id":8096,"date":"2024-11-14T23:35:47","date_gmt":"2024-11-15T02:35:47","guid":{"rendered":"https:\/\/aprimora.site\/carvalhoalmeidaadvogados\/2024\/11\/14\/candidatos-ao-concurso-do-stj-poderao-conferir-locais-de-prova-a-partir-do-proximo-dia-22\/"},"modified":"2024-11-14T23:35:47","modified_gmt":"2024-11-15T02:35:47","slug":"candidatos-ao-concurso-do-stj-poderao-conferir-locais-de-prova-a-partir-do-proximo-dia-22","status":"publish","type":"post","link":"https:\/\/aprimora.site\/carvalhoalmeidaadvogados\/2024\/11\/14\/candidatos-ao-concurso-do-stj-poderao-conferir-locais-de-prova-a-partir-do-proximo-dia-22\/","title":{"rendered":"Candidatos ao concurso do STJ poder\u00e3o conferir locais de prova a partir do pr\u00f3ximo dia 22"},"content":{"rendered":"<p>Candidatos ao concurso do STJ poder\u00e3o conferir locais de prova a partir do pr\u00f3ximo dia 22<\/p>","protected":false},"excerpt":{"rendered":"<p>Candidatos ao concurso do STJ poder\u00e3o conferir locais de prova a partir do pr\u00f3ximo dia 22<\/p>\n","protected":false},"author":0,"featured_media":0,"comment_status":"open","ping_status":"open","sticky":false,"template":"","format":"standard","meta":[],"categories":[1],"tags":[],"_links":{"self":[{"href":"https:\/\/aprimora.site\/carvalhoalmeidaadvogados\/wp-json\/wp\/v2\/posts\/8096"}],"collection":[{"href":"https:\/\/aprimora.site\/carvalhoalmeidaadvogados\/wp-json\/wp\/v2\/posts"}],"about":[{"href":"https:\/\/aprimora.site\/carvalhoalmeidaadvogados\/wp-json\/wp\/v2\/types\/post"}],"replies":[{"embeddable":true,"href":"https:\/\/aprimora.site\/carvalhoalmeidaadvogados\/wp-json\/wp\/v2\/comments?post=8096"}],"version-history":[{"count":0,"href":"https:\/\/aprimora.site\/carvalhoalmeidaadvogados\/wp-json\/wp\/v2\/posts\/8096\/revisions"}],"wp:attachment":[{"href":"https:\/\/aprimora.site\/carvalhoalmeidaadvogados\/wp-json\/wp\/v2\/media?parent=8096"}],"wp:term":[{"taxonomy":"category","embeddable":true,"href":"https:\/\/aprimora.site\/carvalhoalmeidaadvogados\/wp-json\/wp\/v2\/categories?post=8096"},{"taxonomy":"post_tag","embeddable":true,"href":"https:\/\/aprimora.site\/carvalhoalmeidaadvogados\/wp-json\/wp\/v2\/tags?post=8096"}],"curies":[{"name":"wp","href":"https:\/\/api.w.org\/{rel}","templated":true}]}}