{"id":8058,"date":"2024-11-08T20:16:29","date_gmt":"2024-11-08T23:16:29","guid":{"rendered":"https:\/\/aprimora.site\/carvalhoalmeidaadvogados\/2024\/11\/08\/acordo-em-rescisoria-da-fazenda-mostra-que-solucao-consensual-e-possivel-em-qualquer-fase-do-processo\/"},"modified":"2024-11-08T20:16:29","modified_gmt":"2024-11-08T23:16:29","slug":"acordo-em-rescisoria-da-fazenda-mostra-que-solucao-consensual-e-possivel-em-qualquer-fase-do-processo","status":"publish","type":"post","link":"https:\/\/aprimora.site\/carvalhoalmeidaadvogados\/2024\/11\/08\/acordo-em-rescisoria-da-fazenda-mostra-que-solucao-consensual-e-possivel-em-qualquer-fase-do-processo\/","title":{"rendered":"Acordo em rescis\u00f3ria da Fazenda mostra que solu\u00e7\u00e3o consensual \u00e9 poss\u00edvel em qualquer fase do processo"},"content":{"rendered":"<p>Acordo em rescis\u00f3ria da Fazenda mostra que solu\u00e7\u00e3o consensual \u00e9 poss\u00edvel em qualquer fase do processo<\/p>","protected":false},"excerpt":{"rendered":"<p>Acordo em rescis\u00f3ria da Fazenda mostra que solu\u00e7\u00e3o consensual \u00e9 poss\u00edvel em qualquer fase do processo<\/p>\n","protected":false},"author":0,"featured_media":0,"comment_status":"open","ping_status":"open","sticky":false,"template":"","format":"standard","meta":[],"categories":[1],"tags":[],"_links":{"self":[{"href":"https:\/\/aprimora.site\/carvalhoalmeidaadvogados\/wp-json\/wp\/v2\/posts\/8058"}],"collection":[{"href":"https:\/\/aprimora.site\/carvalhoalmeidaadvogados\/wp-json\/wp\/v2\/posts"}],"about":[{"href":"https:\/\/aprimora.site\/carvalhoalmeidaadvogados\/wp-json\/wp\/v2\/types\/post"}],"replies":[{"embeddable":true,"href":"https:\/\/aprimora.site\/carvalhoalmeidaadvogados\/wp-json\/wp\/v2\/comments?post=8058"}],"version-history":[{"count":0,"href":"https:\/\/aprimora.site\/carvalhoalmeidaadvogados\/wp-json\/wp\/v2\/posts\/8058\/revisions"}],"wp:attachment":[{"href":"https:\/\/aprimora.site\/carvalhoalmeidaadvogados\/wp-json\/wp\/v2\/media?parent=8058"}],"wp:term":[{"taxonomy":"category","embeddable":true,"href":"https:\/\/aprimora.site\/carvalhoalmeidaadvogados\/wp-json\/wp\/v2\/categories?post=8058"},{"taxonomy":"post_tag","embeddable":true,"href":"https:\/\/aprimora.site\/carvalhoalmeidaadvogados\/wp-json\/wp\/v2\/tags?post=8058"}],"curies":[{"name":"wp","href":"https:\/\/api.w.org\/{rel}","templated":true}]}}