{"id":8056,"date":"2024-11-08T20:16:29","date_gmt":"2024-11-08T23:16:29","guid":{"rendered":"https:\/\/aprimora.site\/carvalhoalmeidaadvogados\/2024\/11\/08\/quarta-turma-transfere-sessao-de-19-de-novembro-para-a-proxima-quinta-feira-7-as-14h\/"},"modified":"2024-11-08T20:16:29","modified_gmt":"2024-11-08T23:16:29","slug":"quarta-turma-transfere-sessao-de-19-de-novembro-para-a-proxima-quinta-feira-7-as-14h","status":"publish","type":"post","link":"https:\/\/aprimora.site\/carvalhoalmeidaadvogados\/2024\/11\/08\/quarta-turma-transfere-sessao-de-19-de-novembro-para-a-proxima-quinta-feira-7-as-14h\/","title":{"rendered":"Quarta Turma transfere sess\u00e3o de 19 de novembro para a pr\u00f3xima quinta-feira (7), \u00e0s 14h"},"content":{"rendered":"<p>Quarta Turma transfere sess\u00e3o de 19 de novembro para a pr\u00f3xima quinta-feira (7), \u00e0s 14h<\/p>","protected":false},"excerpt":{"rendered":"<p>Quarta Turma transfere sess\u00e3o de 19 de novembro para a pr\u00f3xima quinta-feira (7), \u00e0s 14h<\/p>\n","protected":false},"author":0,"featured_media":0,"comment_status":"open","ping_status":"open","sticky":false,"template":"","format":"standard","meta":[],"categories":[1],"tags":[],"_links":{"self":[{"href":"https:\/\/aprimora.site\/carvalhoalmeidaadvogados\/wp-json\/wp\/v2\/posts\/8056"}],"collection":[{"href":"https:\/\/aprimora.site\/carvalhoalmeidaadvogados\/wp-json\/wp\/v2\/posts"}],"about":[{"href":"https:\/\/aprimora.site\/carvalhoalmeidaadvogados\/wp-json\/wp\/v2\/types\/post"}],"replies":[{"embeddable":true,"href":"https:\/\/aprimora.site\/carvalhoalmeidaadvogados\/wp-json\/wp\/v2\/comments?post=8056"}],"version-history":[{"count":0,"href":"https:\/\/aprimora.site\/carvalhoalmeidaadvogados\/wp-json\/wp\/v2\/posts\/8056\/revisions"}],"wp:attachment":[{"href":"https:\/\/aprimora.site\/carvalhoalmeidaadvogados\/wp-json\/wp\/v2\/media?parent=8056"}],"wp:term":[{"taxonomy":"category","embeddable":true,"href":"https:\/\/aprimora.site\/carvalhoalmeidaadvogados\/wp-json\/wp\/v2\/categories?post=8056"},{"taxonomy":"post_tag","embeddable":true,"href":"https:\/\/aprimora.site\/carvalhoalmeidaadvogados\/wp-json\/wp\/v2\/tags?post=8056"}],"curies":[{"name":"wp","href":"https:\/\/api.w.org\/{rel}","templated":true}]}}