{"id":8053,"date":"2024-11-08T20:16:29","date_gmt":"2024-11-08T23:16:29","guid":{"rendered":"https:\/\/aprimora.site\/carvalhoalmeidaadvogados\/2024\/11\/08\/para-quarta-turma-multa-do-eca-por-descumprimento-de-ordem-judicial-nao-se-limita-a-pais-ou-responsaveis\/"},"modified":"2024-11-08T20:16:29","modified_gmt":"2024-11-08T23:16:29","slug":"para-quarta-turma-multa-do-eca-por-descumprimento-de-ordem-judicial-nao-se-limita-a-pais-ou-responsaveis","status":"publish","type":"post","link":"https:\/\/aprimora.site\/carvalhoalmeidaadvogados\/2024\/11\/08\/para-quarta-turma-multa-do-eca-por-descumprimento-de-ordem-judicial-nao-se-limita-a-pais-ou-responsaveis\/","title":{"rendered":"Para Quarta Turma, multa do ECA por descumprimento de ordem judicial n\u00e3o se limita a pais ou respons\u00e1veis"},"content":{"rendered":"<p>O tribunal manteve a multa imposta aos organizadores de uma exposi\u00e7\u00e3o agropecu\u00e1ria depois que agentes do Comissariado da Inf\u00e2ncia e da Juventude flagraram menores tomando cerveja no local.<\/p>","protected":false},"excerpt":{"rendered":"<p>O tribunal manteve a multa imposta aos organizadores de uma exposi\u00e7\u00e3o agropecu\u00e1ria depois que agentes do Comissariado da Inf\u00e2ncia e da Juventude flagraram menores tomando cerveja no local.<\/p>\n","protected":false},"author":0,"featured_media":0,"comment_status":"open","ping_status":"open","sticky":false,"template":"","format":"standard","meta":[],"categories":[1],"tags":[],"_links":{"self":[{"href":"https:\/\/aprimora.site\/carvalhoalmeidaadvogados\/wp-json\/wp\/v2\/posts\/8053"}],"collection":[{"href":"https:\/\/aprimora.site\/carvalhoalmeidaadvogados\/wp-json\/wp\/v2\/posts"}],"about":[{"href":"https:\/\/aprimora.site\/carvalhoalmeidaadvogados\/wp-json\/wp\/v2\/types\/post"}],"replies":[{"embeddable":true,"href":"https:\/\/aprimora.site\/carvalhoalmeidaadvogados\/wp-json\/wp\/v2\/comments?post=8053"}],"version-history":[{"count":0,"href":"https:\/\/aprimora.site\/carvalhoalmeidaadvogados\/wp-json\/wp\/v2\/posts\/8053\/revisions"}],"wp:attachment":[{"href":"https:\/\/aprimora.site\/carvalhoalmeidaadvogados\/wp-json\/wp\/v2\/media?parent=8053"}],"wp:term":[{"taxonomy":"category","embeddable":true,"href":"https:\/\/aprimora.site\/carvalhoalmeidaadvogados\/wp-json\/wp\/v2\/categories?post=8053"},{"taxonomy":"post_tag","embeddable":true,"href":"https:\/\/aprimora.site\/carvalhoalmeidaadvogados\/wp-json\/wp\/v2\/tags?post=8053"}],"curies":[{"name":"wp","href":"https:\/\/api.w.org\/{rel}","templated":true}]}}