{"id":8043,"date":"2024-11-08T20:16:29","date_gmt":"2024-11-08T23:16:29","guid":{"rendered":"https:\/\/aprimora.site\/carvalhoalmeidaadvogados\/2024\/11\/08\/em-repetitivo-terceira-secao-fixa-teses-sobre-aplicacao-retroativa-do-anpp\/"},"modified":"2024-11-08T20:16:29","modified_gmt":"2024-11-08T23:16:29","slug":"em-repetitivo-terceira-secao-fixa-teses-sobre-aplicacao-retroativa-do-anpp","status":"publish","type":"post","link":"https:\/\/aprimora.site\/carvalhoalmeidaadvogados\/2024\/11\/08\/em-repetitivo-terceira-secao-fixa-teses-sobre-aplicacao-retroativa-do-anpp\/","title":{"rendered":"Em repetitivo, Terceira Se\u00e7\u00e3o fixa teses sobre aplica\u00e7\u00e3o retroativa do ANPP"},"content":{"rendered":"<p>Em repetitivo, Terceira Se\u00e7\u00e3o fixa teses sobre aplica\u00e7\u00e3o retroativa do ANPP<\/p>","protected":false},"excerpt":{"rendered":"<p>Em repetitivo, Terceira Se\u00e7\u00e3o fixa teses sobre aplica\u00e7\u00e3o retroativa do ANPP<\/p>\n","protected":false},"author":0,"featured_media":0,"comment_status":"open","ping_status":"open","sticky":false,"template":"","format":"standard","meta":[],"categories":[1],"tags":[],"_links":{"self":[{"href":"https:\/\/aprimora.site\/carvalhoalmeidaadvogados\/wp-json\/wp\/v2\/posts\/8043"}],"collection":[{"href":"https:\/\/aprimora.site\/carvalhoalmeidaadvogados\/wp-json\/wp\/v2\/posts"}],"about":[{"href":"https:\/\/aprimora.site\/carvalhoalmeidaadvogados\/wp-json\/wp\/v2\/types\/post"}],"replies":[{"embeddable":true,"href":"https:\/\/aprimora.site\/carvalhoalmeidaadvogados\/wp-json\/wp\/v2\/comments?post=8043"}],"version-history":[{"count":0,"href":"https:\/\/aprimora.site\/carvalhoalmeidaadvogados\/wp-json\/wp\/v2\/posts\/8043\/revisions"}],"wp:attachment":[{"href":"https:\/\/aprimora.site\/carvalhoalmeidaadvogados\/wp-json\/wp\/v2\/media?parent=8043"}],"wp:term":[{"taxonomy":"category","embeddable":true,"href":"https:\/\/aprimora.site\/carvalhoalmeidaadvogados\/wp-json\/wp\/v2\/categories?post=8043"},{"taxonomy":"post_tag","embeddable":true,"href":"https:\/\/aprimora.site\/carvalhoalmeidaadvogados\/wp-json\/wp\/v2\/tags?post=8043"}],"curies":[{"name":"wp","href":"https:\/\/api.w.org\/{rel}","templated":true}]}}