{"id":7989,"date":"2024-11-03T05:13:13","date_gmt":"2024-11-03T08:13:13","guid":{"rendered":"https:\/\/aprimora.site\/carvalhoalmeidaadvogados\/2024\/11\/03\/abstencao-e-representatividade-nas-eleicoes-municipais-de-2024\/"},"modified":"2024-11-03T05:13:13","modified_gmt":"2024-11-03T08:13:13","slug":"abstencao-e-representatividade-nas-eleicoes-municipais-de-2024","status":"publish","type":"post","link":"https:\/\/aprimora.site\/carvalhoalmeidaadvogados\/2024\/11\/03\/abstencao-e-representatividade-nas-eleicoes-municipais-de-2024\/","title":{"rendered":"Absten\u00e7\u00e3o e representatividade nas elei\u00e7\u00f5es municipais de 2024"},"content":{"rendered":"<p>As <a href=\"https:\/\/www.jota.info\/tudo-sobre\/eleicoes-2024\">elei\u00e7\u00f5es municipais de 2024<\/a> trouxeram \u00e0 tona uma quest\u00e3o crucial para a democracia brasileira: o impacto das absten\u00e7\u00f5es, votos nulos e brancos sobre a legitimidade dos eleitos, especialmente em um contexto em que o aumento de gastos p\u00fablicos, impulsionado pelo fundo eleitoral e pelo fundo partid\u00e1rio, al\u00e9m das emendas parlamentares, n\u00e3o conseguiu reverter o crescente afastamento dos eleitores.<\/p>\n<p>Essa tend\u00eancia \u00e9 vis\u00edvel em v\u00e1rias regi\u00f5es do pa\u00eds, com \u00edndices de absten\u00e7\u00e3o e votos inv\u00e1lidos que desafiam a percep\u00e7\u00e3o de representatividade e questionam o papel dos recursos destinados a mobilizar o eleitorado.<\/p>\n<h3><a href=\"https:\/\/conteudo.jota.info\/marketing-lp-newsletter-ultimas-noticias\">Assine a newsletter \u00daltimas Not\u00edcias do <span class=\"jota\">JOTA<\/span> e receba as principais not\u00edcias jur\u00eddicas e pol\u00edticas no seu email<\/a><\/h3>\n<p>Os dados apresentados neste artigo se referem ao primeiro turno das elei\u00e7\u00f5es, analisando exclusivamente a vota\u00e7\u00e3o para o cargo de prefeito. O levantamento para o segundo turno est\u00e1 em andamento, mas as indica\u00e7\u00f5es preliminares apontam que o problema de absten\u00e7\u00f5es, votos nulos e brancos persiste de forma significativa tamb\u00e9m na segunda etapa do pleito.<\/p>\n<h3>A realidade dos \u2018n\u00e3o votos\u2019 e sua incid\u00eancia no Brasil<\/h3>\n<p>A situa\u00e7\u00e3o ganha ainda mais relev\u00e2ncia ao se observar os munic\u00edpios com mais de 200 mil eleitores. Em v\u00e1rias capitais, como S\u00e3o Paulo, Porto Alegre, Curitiba e Rio de Janeiro, o n\u00famero de eleitores que optaram pela absten\u00e7\u00e3o, ou cujos votos foram nulos e brancos, superou a quantidade de votos recebidos pelo candidato mais votado.<\/p>\n<p>Esse fen\u00f4meno se repete em munic\u00edpios como Goi\u00e2nia e Belo Horizonte, onde a soma de \u201cn\u00e3o votos\u201d excede significativamente os votos obtidos pelos primeiros colocados. Em S\u00e3o Paulo, por exemplo, o prefeito Ricardo Nunes (MDB) recebeu 1.801.139 votos, enquanto o n\u00famero de absten\u00e7\u00f5es atingiu 2.548.857.<\/p>\n<p>Situa\u00e7\u00e3o semelhante \u00e9 observada no Rio de Janeiro, onde Eduardo Paes (PSD) obteve 1.861.856 votos, comparados aos 1.930.202 \u201cn\u00e3o votos\u201d. Esses dados evidenciam uma crise de representatividade e sugerem um aumento do distanciamento entre eleitores e o processo eleitoral.<\/p>\n<p>Conforme \u00e9 poss\u00edvel observar, em cinco capitais, incluindo S\u00e3o Paulo, apenas a quantidade de absten\u00e7\u00f5es, sem contar votos nulos e brancos, superou a quantidade de votos do primeiro colocado.<\/p>\n<div class=\"jota-article__table j-responsive-table\">\n<p><strong>Munic\u00edpio<\/strong><br \/>\n<strong>Candidato<\/strong><br \/>\n<strong>Votos<\/strong><br \/>\n<strong>Absten\u00e7\u00f5es<\/strong><\/p>\n<p>S\u00e3o Paulo<br \/>\nRicardo Nunes (MDB)<br \/>\n1.801.139<br \/>\n2.548.857<\/p>\n<p>Goi\u00e2nia<br \/>\nFred Rodrigues (PL)<br \/>\n214.253<br \/>\n290.868<\/p>\n<p>Belo Horizonte<br \/>\nBruno Engler (PL)<br \/>\n435.853<br \/>\n588.699<\/p>\n<p>Campo Grande<br \/>\nAdriane Lopes (PP)<br \/>\n\u00a0140.913<br \/>\n167.534<\/p>\n<p>Porto Alegre<br \/>\nSebasti\u00e3o Melo (MDB)<br \/>\n345.420<br \/>\n345.544<\/p>\n<\/div>\n<p>Em outras quatro capitais, incluindo o Rio de Janeiro, os primeiros colocados foram superados pela soma de absten\u00e7\u00f5es, votos nulos e brancos.<\/p>\n<div class=\"jota-article__table j-responsive-table\">\n<p><strong>Munic\u00edpio<\/strong><br \/>\n<strong>Candidato<\/strong><br \/>\n<strong>Votos<\/strong><br \/>\n<strong>Absten\u00e7\u00f5es + nulos + brancos<\/strong><\/p>\n<p>Curitiba<br \/>\nEduardo Pimentel (PSD)<br \/>\n313.347<br \/>\n488.553<\/p>\n<p>Natal<br \/>\nPaulinho Freire (Uni\u00e3o)<br \/>\n171.146<br \/>\n187.343<\/p>\n<p>Porto Velho<br \/>\nMariana Carvalho (Uni\u00e3o)<br \/>\n111.329<br \/>\n112.235<\/p>\n<p>Rio de Janeiro<br \/>\nEduardo Paes (PSD)<br \/>\n1.861.856<br \/>\n1.930.202<\/p>\n<\/div>\n<p>O levantamento dos dados do primeiro turno revela que, em diversos munic\u00edpios, a soma das absten\u00e7\u00f5es, votos nulos e brancos superou o n\u00famero de votos recebidos pelo candidato mais votado.<\/p>\n<p>No Norte, por exemplo, 1,78% dos munic\u00edpios registraram essa situa\u00e7\u00e3o, correspondendo a 8 de 450 cidades. Na regi\u00e3o Centro-Oeste, o percentual foi de 1,7% (7 de 467 munic\u00edpios). No Nordeste, o \u00edndice foi de 0,5% dos munic\u00edpios, ou 9 de 1.793 cidades.<\/p>\n<p>Contudo, os n\u00fameros s\u00e3o significativamente maiores no Sudeste, onde 7,4% dos munic\u00edpios, representando 123 de 1668, observaram esse fen\u00f4meno. No Sul, 3,7% dos munic\u00edpios (44 de 1191) tamb\u00e9m apresentaram essa caracter\u00edstica, evidenciando que o fen\u00f4meno dos \u201cn\u00e3o votos\u201d \u00e9 uma quest\u00e3o nacional.<\/p>\n<h3>An\u00e1lise dos n\u00fameros totais de participa\u00e7\u00e3o e absten\u00e7\u00e3o<\/h3>\n<p>Os dados gerais das elei\u00e7\u00f5es de 2024 revelam uma realidade ainda mais ampla em rela\u00e7\u00e3o ao volume de \u201cn\u00e3o votos\u201d em compara\u00e7\u00e3o com os votos v\u00e1lidos. Cerca de 113 milh\u00f5es de eleitores votaram em candidatos, enquanto aproximadamente 33 milh\u00f5es e 797 mil optaram pela absten\u00e7\u00e3o, acompanhados de 5 milh\u00f5es e 272 mil de votos nulos e 3 milh\u00f5es e 444 mil de votos brancos.<\/p>\n<p>Isso significa que, do universo total de eleitores, aproximadamente 42 milh\u00f5es, ou uma parcela consider\u00e1vel, escolheu n\u00e3o validar suas prefer\u00eancias por meio de um candidato, o que representa um \u00edndice alarmante de afastamento e rejei\u00e7\u00e3o ao processo pol\u00edtico vigente.<\/p>\n<p>Esse volume de \u201cn\u00e3o votos\u201d \u00e9 significativo por sinalizar um distanciamento substancial da popula\u00e7\u00e3o com rela\u00e7\u00e3o \u00e0 pol\u00edtica municipal e \u00e0 escolha de seus representantes. Esses dados indicam que, mesmo com esfor\u00e7os para aumentar a participa\u00e7\u00e3o por meio de campanhas e incentivos, milh\u00f5es de eleitores preferiram abster-se ou anular seu voto, sugerindo um descontentamento ou uma desilus\u00e3o com o sistema pol\u00edtico local. Esse fen\u00f4meno \u00e9 especialmente preocupante no contexto de uma democracia que depende de altos \u00edndices de participa\u00e7\u00e3o para conferir legitimidade aos eleitos.<\/p>\n<h3>Gastos p\u00fablicos crescentes em contraponto \u00e0 desconex\u00e3o eleitoral<\/h3>\n<p>O cen\u00e1rio de alta absten\u00e7\u00e3o contrasta com o aumento significativo dos gastos p\u00fablicos direcionados ao processo eleitoral, especialmente por meio dos fundos eleitoral e partid\u00e1rio, al\u00e9m das emendas parlamentares destinadas a fortalecer a base pol\u00edtica dos candidatos. A justificativa para esses recursos geralmente se pauta na necessidade de promover a participa\u00e7\u00e3o c\u00edvica, aumentar o conhecimento sobre candidatos e propostas e, assim, reduzir os \u00edndices de absten\u00e7\u00e3o.<\/p>\n<p>No entanto, o fen\u00f4meno da absten\u00e7\u00e3o e dos votos nulos e brancos continua a crescer, especialmente em munic\u00edpios de maior porte, onde os recursos s\u00e3o amplamente empregados. O que se observa \u00e9 uma desconex\u00e3o crescente entre os recursos investidos e o resultado em participa\u00e7\u00e3o efetiva, uma tend\u00eancia que desafia as estrat\u00e9gias convencionais de mobiliza\u00e7\u00e3o eleitoral e exige uma reavalia\u00e7\u00e3o sobre a aplica\u00e7\u00e3o desses fundos.<\/p>\n<p>O <a href=\"https:\/\/www.jota.info\/tudo-sobre\/fundo-eleitoral\">fundo eleitoral<\/a>, que visa dar suporte a campanhas de candidatos e partidos, alcan\u00e7ou valores recordes em 2024, supostamente visando fortalecer as atividades eleitorais e garantir visibilidade aos candidatos. As emendas parlamentares, por outro lado, representaram uma ferramenta pol\u00edtica para fortalecer o v\u00ednculo dos parlamentares com suas bases, garantindo investimentos locais e atendendo a demandas da popula\u00e7\u00e3o.<\/p>\n<p>Entretanto, esses recursos parecem ter tido um efeito limitado no est\u00edmulo \u00e0 participa\u00e7\u00e3o eleitoral. As elevadas taxas de absten\u00e7\u00e3o revelam que, apesar dos investimentos, a popula\u00e7\u00e3o em muitos munic\u00edpios continua optando pela n\u00e3o participa\u00e7\u00e3o, colocando em d\u00favida a efic\u00e1cia das emendas e dos fundos em assegurar uma representa\u00e7\u00e3o mais engajada e legitimada pelo voto popular.<\/p>\n<h3>Compara\u00e7\u00e3o hist\u00f3rica e evolu\u00e7\u00e3o dos \u2018n\u00e3o votos\u2019<\/h3>\n<p>Ao analisar os dados de absten\u00e7\u00e3o, votos nulos e brancos nas elei\u00e7\u00f5es municipais de 2024, 2020, 2016 e 2012, observamos tend\u00eancias interessantes no comportamento eleitoral em diferentes contextos pol\u00edticos e sociais.<\/p>\n<p>Em 2012, ainda sem os efeitos diretos da crise pol\u00edtica desencadeada pela Lava Jato, a absten\u00e7\u00e3o era significativamente menor em compara\u00e7\u00e3o aos anos seguintes, especialmente no Centro-Oeste (16,00%), Sudeste (17,30%) e Sul (13,99%).<\/p>\n<p>No entanto, os eleitores que participaram demonstraram um alto \u00edndice de descontentamento, refletido em uma quantidade expressiva de votos nulos, como no Sudeste (10,08%) e Nordeste (7,51%), indicando um voto de protesto expressivo.<\/p>\n<p>Em 2016, no auge da crise pol\u00edtica, com o esc\u00e2ndalo da Lava Jato afetando a confian\u00e7a no sistema, observou-se um aumento na absten\u00e7\u00e3o, especialmente no Sudeste (20,31%) e Centro-Oeste (18,11%). Contudo, o percentual de votos nulos tamb\u00e9m se manteve alto, alcan\u00e7ando seu pico em regi\u00f5es como o Sudeste (13,25%) e Nordeste (8,24%).<\/p>\n<p>Esse cen\u00e1rio sugere que, enquanto parte dos eleitores que votaram nulo em 2012 passaram a optar pela absten\u00e7\u00e3o em 2016, uma parcela significativa continuou utilizando o voto nulo como forma de manifesta\u00e7\u00e3o de insatisfa\u00e7\u00e3o pol\u00edtica, mantendo o \u00edndice elevado.<\/p>\n<p>Em 2020, a pandemia de Covid-19 trouxe um novo fator de afastamento, elevando ainda mais a absten\u00e7\u00e3o, especialmente no Sudeste (26,33%) e Norte (20,83%). Em contraste, os \u00edndices de votos nulos e brancos diminu\u00edram em rela\u00e7\u00e3o a 2016, sugerindo que muitos eleitores que poderiam ter votado nulo optaram por n\u00e3o comparecer \u00e0s urnas, possivelmente por receio de cont\u00e1gio. Essa migra\u00e7\u00e3o do voto nulo para a absten\u00e7\u00e3o indica um desinteresse crescente na participa\u00e7\u00e3o pol\u00edtica direta, intensificado pela crise sanit\u00e1ria.<\/p>\n<p>Em 2024, com a crise sanit\u00e1ria controlada, os \u00edndices de absten\u00e7\u00e3o permanecem elevados, embora com leve redu\u00e7\u00e3o em algumas regi\u00f5es, como no Sul (22,93%) e Nordeste (16,55%). O percentual de votos nulos diminuiu consideravelmente em compara\u00e7\u00e3o com 2016 e 2020, especialmente no Centro-Oeste (3,15%) e Norte (2,46%).<\/p>\n<p>Todavia, a redu\u00e7\u00e3o sugere a confirma\u00e7\u00e3o da tend\u00eancia observada em 2020, em que eleitores insatisfeitos preferem se abster completamente do processo eleitoral. A an\u00e1lise sugere que a desconfian\u00e7a no sistema pol\u00edtico que impulsionou o voto nulo em 2012 e 2016 vem se transformando, nos \u00faltimos ciclos eleitorais, em uma decis\u00e3o de absten\u00e7\u00e3o, reduzindo o uso do voto nulo como forma de protesto e refor\u00e7ando o fen\u00f4meno de afastamento do eleitorado.<\/p>\n<h3>Consequ\u00eancias para a representatividade e a legitimidade dos eleitos<\/h3>\n<p>A preval\u00eancia dos \u201cn\u00e3o votos\u201d como fator preponderante em diversas regi\u00f5es e o elevado n\u00famero de eleitores que se abst\u00eam ou invalidam seu voto provocam questionamentos profundos sobre a representatividade dos eleitos.<\/p>\n<p>Esse fen\u00f4meno, que poderia ser descrito como uma \u201ccrise de legitimidade eleitoral\u201d, sugere que, em muitos casos, os eleitos podem n\u00e3o refletir a vontade de uma maioria engajada, mas sim de uma minoria que efetivamente participa do processo. Esse distanciamento entre eleitores e eleitos cria um d\u00e9ficit de legitimidade e fragiliza a democracia, especialmente em um sistema que j\u00e1 enfrenta desafios em termos de confian\u00e7a p\u00fablica e efic\u00e1cia na representa\u00e7\u00e3o.<\/p>\n<h3>Reflex\u00f5es e caminhos para o futuro<\/h3>\n<p>O aumento dos recursos p\u00fablicos para aplica\u00e7\u00e3o durante o processo eleitoral, emendas e fundos eleitorais contrasta fortemente com os dados de absten\u00e7\u00e3o, votos nulos e brancos, indicando que esses recursos, como est\u00e3o sendo utilizados, n\u00e3o s\u00e3o suficientes para reverter o afastamento dos eleitores.<\/p>\n<p>A realidade das elei\u00e7\u00f5es de 2024 revela uma necessidade urgente de revisar as pol\u00edticas e estrat\u00e9gias de engajamento eleitoral, considerando a perspectiva de uma participa\u00e7\u00e3o mais aut\u00eantica e representativa. \u00c9 fundamental repensar os m\u00e9todos de mobiliza\u00e7\u00e3o pol\u00edtica, e as a\u00e7\u00f5es de campanha devem ser adaptadas para dialogar com uma popula\u00e7\u00e3o que se sente alheia ao processo.<\/p>\n<p>Uma proposta seria direcionar os fundos para programas de educa\u00e7\u00e3o pol\u00edtica que promovam um entendimento mais profundo sobre o papel dos munic\u00edpios e o impacto direto das elei\u00e7\u00f5es no cotidiano dos cidad\u00e3os. Al\u00e9m disso, partidos e candidatos poderiam focar em uma comunica\u00e7\u00e3o mais transparente e acess\u00edvel, que responda \u00e0s demandas locais e mostre resultados tang\u00edveis para a popula\u00e7\u00e3o.<\/p>\n<p>Outra sugest\u00e3o seria a revis\u00e3o dos crit\u00e9rios para o uso das emendas parlamentares, assegurando que essas sejam aplicadas em projetos que gerem benef\u00edcios vis\u00edveis e imediatos para a comunidade, diminuindo assim o afastamento entre representantes e representados.<\/p>\n<p>Em conclus\u00e3o, o impacto da absten\u00e7\u00e3o, dos votos nulos e brancos nas elei\u00e7\u00f5es de 2024 aponta para uma crise de representatividade que n\u00e3o pode ser ignorada. Ao mesmo tempo, o aumento dos gastos p\u00fablicos no processo eleitoral evidencia uma disson\u00e2ncia entre o investimento financeiro e o retorno em participa\u00e7\u00e3o efetiva. Para uma democracia mais robusta, \u00e9 necess\u00e1rio um esfor\u00e7o coletivo para compreender e responder \u00e0s raz\u00f5es por tr\u00e1s do afastamento eleitoral, promovendo uma participa\u00e7\u00e3o c\u00edvica mais significativa e alinhada com os princ\u00edpios democr\u00e1ticos.<\/p>","protected":false},"excerpt":{"rendered":"<p>As elei\u00e7\u00f5es municipais de 2024 trouxeram \u00e0 tona uma quest\u00e3o crucial para a democracia brasileira: o impacto das absten\u00e7\u00f5es, votos nulos e brancos sobre a legitimidade dos eleitos, especialmente em um contexto em que o aumento de gastos p\u00fablicos, impulsionado pelo fundo eleitoral e pelo fundo partid\u00e1rio, al\u00e9m das emendas parlamentares, n\u00e3o conseguiu reverter o [&hellip;]<\/p>\n","protected":false},"author":0,"featured_media":0,"comment_status":"open","ping_status":"open","sticky":false,"template":"","format":"standard","meta":[],"categories":[1],"tags":[],"_links":{"self":[{"href":"https:\/\/aprimora.site\/carvalhoalmeidaadvogados\/wp-json\/wp\/v2\/posts\/7989"}],"collection":[{"href":"https:\/\/aprimora.site\/carvalhoalmeidaadvogados\/wp-json\/wp\/v2\/posts"}],"about":[{"href":"https:\/\/aprimora.site\/carvalhoalmeidaadvogados\/wp-json\/wp\/v2\/types\/post"}],"replies":[{"embeddable":true,"href":"https:\/\/aprimora.site\/carvalhoalmeidaadvogados\/wp-json\/wp\/v2\/comments?post=7989"}],"version-history":[{"count":0,"href":"https:\/\/aprimora.site\/carvalhoalmeidaadvogados\/wp-json\/wp\/v2\/posts\/7989\/revisions"}],"wp:attachment":[{"href":"https:\/\/aprimora.site\/carvalhoalmeidaadvogados\/wp-json\/wp\/v2\/media?parent=7989"}],"wp:term":[{"taxonomy":"category","embeddable":true,"href":"https:\/\/aprimora.site\/carvalhoalmeidaadvogados\/wp-json\/wp\/v2\/categories?post=7989"},{"taxonomy":"post_tag","embeddable":true,"href":"https:\/\/aprimora.site\/carvalhoalmeidaadvogados\/wp-json\/wp\/v2\/tags?post=7989"}],"curies":[{"name":"wp","href":"https:\/\/api.w.org\/{rel}","templated":true}]}}