{"id":7983,"date":"2024-11-03T05:13:12","date_gmt":"2024-11-03T08:13:12","guid":{"rendered":"https:\/\/aprimora.site\/carvalhoalmeidaadvogados\/2024\/11\/03\/idp-e-cgi-lancam-catedra-internacional-danilo-doneda-na-quarta-feira-6-11\/"},"modified":"2024-11-03T05:13:12","modified_gmt":"2024-11-03T08:13:12","slug":"idp-e-cgi-lancam-catedra-internacional-danilo-doneda-na-quarta-feira-6-11","status":"publish","type":"post","link":"https:\/\/aprimora.site\/carvalhoalmeidaadvogados\/2024\/11\/03\/idp-e-cgi-lancam-catedra-internacional-danilo-doneda-na-quarta-feira-6-11\/","title":{"rendered":"IDP e CGI lan\u00e7am C\u00e1tedra Internacional Danilo Doneda na quarta-feira (6\/11)"},"content":{"rendered":"<p>O Centro de Direito, Internet e Sociedade do IDP (CEDIS) e o Comit\u00ea Gestor da Internet no Brasil (CGI.br) v\u00e3o lan\u00e7ar, na pr\u00f3xima quarta-feira (6\/11), a C\u00e1tedra Internacional Danilo Doneda. O evento ser\u00e1 em Bras\u00edlia, na sede do IDP, na Asa Norte. Durante o encontro ser\u00e3o discutidos os avan\u00e7os em privacidade, prote\u00e7\u00e3o de dados e intelig\u00eancia artificial. Os ministros do Supremo Tribunal Federal (<a href=\"https:\/\/www.jota.info\/tudo-sobre\/stf\">STF<\/a>) Gilmar Mendes e Edson Fachin participar\u00e3o do lan\u00e7amento.<\/p>\n<p>O evento tamb\u00e9m ter\u00e1 homenagens ao legado de Doneda. O jurista brasileiro era especialista em prote\u00e7\u00e3o de dados e coordenou a reda\u00e7\u00e3o do anteprojeto base para a cria\u00e7\u00e3o da Lei Geral de Prote\u00e7\u00e3o de Dados (LGPD) no Brasil. Ele foi coordenador-geral na Secretaria Nacional do Consumidor do Minist\u00e9rio da Justi\u00e7a (Senacon) e membro do conselho respons\u00e1vel pela Ag\u00eancia Nacional de Prote\u00e7\u00e3o de Dados (ANPD). Ele morreu em 2022 aos 52 anos.<\/p>\n<h3><a href=\"https:\/\/www.jota.info\/produtos\/poder?utm_source=cta-site&amp;utm_medium=site&amp;utm_campaign=campanha_poder_q2&amp;utm_id=cta_texto_poder_q2_2023&amp;utm_term=cta_texto_poder&amp;utm_term=cta_texto_poder_meio_materias\"><span>Conhe\u00e7a o <span class=\"jota\">JOTA<\/span> PRO Poder, uma plataforma de monitoramento pol\u00edtico e regulat\u00f3rio\u00a0 que oferece mais transpar\u00eancia e previsibilidade para empresas<\/span><\/a><\/h3>\n<h3>Confira a programa\u00e7\u00e3o do evento e os participantes<\/h3>\n<p><strong>08h30 \u2013 Lan\u00e7amento da C\u00e1tedra Danilo Doneda <\/strong><strong>(CEDIS\/IDP e CGI.br)<\/strong><br \/>\nGilmar Mendes \u2013 Ministro do STF e professor do IDP<br \/>\nEdson Fachin \u2013 Ministro do STF e professor da Universidade Federal do Paran\u00e1 (UFPR)<br \/>\nRicardo Villas B\u00f4as Cueva \u2013 Ministro do Supremo Tribunal de Justi\u00e7a (STJ)<br \/>\nHartmut Glaser \u2013 Secret\u00e1rio-Executivo CGI.br<br \/>\nOrlando Silva (PCdoB-SP) \u2013 deputado federal<br \/>\nLaura Schertel Mendes \u2013 professora do IDP e diretora do CEDIS\/IDP<br \/>\nLuciana Cabral Doneda \u2013 vi\u00fava de Danilo Doneda<\/p>\n<p><strong>09h30 \u2013 Keynote Speech: Privacidade, prote\u00e7\u00e3o de dados e intelig\u00eancia artificial<\/strong><\/p>\n<p>Benedikt Buchner \u2013 professor da Universidade de Augsburg, Alemanha<br \/>\nIngo Wolfgang Sarlet \u2013 professor da PUC\/RS<br \/>\nModera\u00e7\u00e3o: Laura Schertel Mendes \u2013 professora do IDP e diretora do<br \/>\nCEDIS\/IDP<\/p>\n<p><strong>10h30 \u2013 Governan\u00e7a Digital na Era da IA: Caminhos para uma Internet Inclusiva, Segura e Sustent\u00e1vel<\/strong><\/p>\n<p>Modera\u00e7\u00e3o: Victor Oliveira Fernandes \u2013 Conselheiro do Conselho Administrativo de Defesa Econ\u00f4mica (CADE) e professor do IDP<br \/>\nMiriam Wimmer \u2013 diretora da Ag\u00eancia Nacional de Prote\u00e7\u00e3o de Dados (ANPD) e professora do IDP<br \/>\nJo\u00e3o Brant \u2013 secret\u00e1rio da Secretaria de Comunica\u00e7\u00e3o da Presid\u00eancia da Rep\u00fablica<br \/>\nBianca Kremer -conselheira do CGI.br.<br \/>\nFlavia Lef\u00e8vre \u2013 conselheira do Instituto N\u00facleo de Pesquisas, Estudos e Forma\u00e7\u00e3o (NUPEF)<\/p>\n<p><strong>11h45 \u2013 Homenagem ao professor Danilo Doneda: contribui\u00e7\u00f5es de sua obra para a garantia dos direitos fundamentais na era digital<\/strong><\/p>\n<p>M\u00f4nica Fujimoto \u2013 professora do IDP<br \/>\nBia Barbosa \u2013 conselheira do CGI.br<br \/>\nBruno Bioni \u2013 fundador do Data Privacy Brasil<br \/>\nCarlos Affonso Souza \u2013 diretor do ITS\/Rio e Professor da UERJ<br \/>\nFabricio da Mota Alves -advogado<br \/>\nDora Doneda \u2013 filha de Danilo Doneda<\/p>","protected":false},"excerpt":{"rendered":"<p>O Centro de Direito, Internet e Sociedade do IDP (CEDIS) e o Comit\u00ea Gestor da Internet no Brasil (CGI.br) v\u00e3o lan\u00e7ar, na pr\u00f3xima quarta-feira (6\/11), a C\u00e1tedra Internacional Danilo Doneda. O evento ser\u00e1 em Bras\u00edlia, na sede do IDP, na Asa Norte. Durante o encontro ser\u00e3o discutidos os avan\u00e7os em privacidade, prote\u00e7\u00e3o de dados e [&hellip;]<\/p>\n","protected":false},"author":0,"featured_media":0,"comment_status":"open","ping_status":"open","sticky":false,"template":"","format":"standard","meta":[],"categories":[1],"tags":[],"_links":{"self":[{"href":"https:\/\/aprimora.site\/carvalhoalmeidaadvogados\/wp-json\/wp\/v2\/posts\/7983"}],"collection":[{"href":"https:\/\/aprimora.site\/carvalhoalmeidaadvogados\/wp-json\/wp\/v2\/posts"}],"about":[{"href":"https:\/\/aprimora.site\/carvalhoalmeidaadvogados\/wp-json\/wp\/v2\/types\/post"}],"replies":[{"embeddable":true,"href":"https:\/\/aprimora.site\/carvalhoalmeidaadvogados\/wp-json\/wp\/v2\/comments?post=7983"}],"version-history":[{"count":0,"href":"https:\/\/aprimora.site\/carvalhoalmeidaadvogados\/wp-json\/wp\/v2\/posts\/7983\/revisions"}],"wp:attachment":[{"href":"https:\/\/aprimora.site\/carvalhoalmeidaadvogados\/wp-json\/wp\/v2\/media?parent=7983"}],"wp:term":[{"taxonomy":"category","embeddable":true,"href":"https:\/\/aprimora.site\/carvalhoalmeidaadvogados\/wp-json\/wp\/v2\/categories?post=7983"},{"taxonomy":"post_tag","embeddable":true,"href":"https:\/\/aprimora.site\/carvalhoalmeidaadvogados\/wp-json\/wp\/v2\/tags?post=7983"}],"curies":[{"name":"wp","href":"https:\/\/api.w.org\/{rel}","templated":true}]}}