{"id":7958,"date":"2024-10-30T16:38:23","date_gmt":"2024-10-30T19:38:23","guid":{"rendered":"https:\/\/aprimora.site\/carvalhoalmeidaadvogados\/2024\/10\/30\/stj-complementa-tese-sobre-devolucao-de-beneficio-previdenciario-pago-em-tutela-antecipada\/"},"modified":"2024-10-30T16:38:23","modified_gmt":"2024-10-30T19:38:23","slug":"stj-complementa-tese-sobre-devolucao-de-beneficio-previdenciario-pago-em-tutela-antecipada","status":"publish","type":"post","link":"https:\/\/aprimora.site\/carvalhoalmeidaadvogados\/2024\/10\/30\/stj-complementa-tese-sobre-devolucao-de-beneficio-previdenciario-pago-em-tutela-antecipada\/","title":{"rendered":"STJ complementa tese sobre devolu\u00e7\u00e3o de benef\u00edcio previdenci\u00e1rio pago em tutela antecipada"},"content":{"rendered":"<p>STJ complementa tese sobre devolu\u00e7\u00e3o de benef\u00edcio previdenci\u00e1rio pago em tutela antecipada<\/p>","protected":false},"excerpt":{"rendered":"<p>STJ complementa tese sobre devolu\u00e7\u00e3o de benef\u00edcio previdenci\u00e1rio pago em tutela antecipada<\/p>\n","protected":false},"author":0,"featured_media":0,"comment_status":"open","ping_status":"open","sticky":false,"template":"","format":"standard","meta":[],"categories":[1],"tags":[],"_links":{"self":[{"href":"https:\/\/aprimora.site\/carvalhoalmeidaadvogados\/wp-json\/wp\/v2\/posts\/7958"}],"collection":[{"href":"https:\/\/aprimora.site\/carvalhoalmeidaadvogados\/wp-json\/wp\/v2\/posts"}],"about":[{"href":"https:\/\/aprimora.site\/carvalhoalmeidaadvogados\/wp-json\/wp\/v2\/types\/post"}],"replies":[{"embeddable":true,"href":"https:\/\/aprimora.site\/carvalhoalmeidaadvogados\/wp-json\/wp\/v2\/comments?post=7958"}],"version-history":[{"count":0,"href":"https:\/\/aprimora.site\/carvalhoalmeidaadvogados\/wp-json\/wp\/v2\/posts\/7958\/revisions"}],"wp:attachment":[{"href":"https:\/\/aprimora.site\/carvalhoalmeidaadvogados\/wp-json\/wp\/v2\/media?parent=7958"}],"wp:term":[{"taxonomy":"category","embeddable":true,"href":"https:\/\/aprimora.site\/carvalhoalmeidaadvogados\/wp-json\/wp\/v2\/categories?post=7958"},{"taxonomy":"post_tag","embeddable":true,"href":"https:\/\/aprimora.site\/carvalhoalmeidaadvogados\/wp-json\/wp\/v2\/tags?post=7958"}],"curies":[{"name":"wp","href":"https:\/\/api.w.org\/{rel}","templated":true}]}}