{"id":7909,"date":"2024-10-25T19:56:57","date_gmt":"2024-10-25T22:56:57","guid":{"rendered":"https:\/\/aprimora.site\/carvalhoalmeidaadvogados\/2024\/10\/25\/obra-sobre-direito-privado-em-homenagem-ao-ministro-paulo-de-tarso-sanseverino-sera-lancada-dia-5\/"},"modified":"2024-10-25T19:56:57","modified_gmt":"2024-10-25T22:56:57","slug":"obra-sobre-direito-privado-em-homenagem-ao-ministro-paulo-de-tarso-sanseverino-sera-lancada-dia-5","status":"publish","type":"post","link":"https:\/\/aprimora.site\/carvalhoalmeidaadvogados\/2024\/10\/25\/obra-sobre-direito-privado-em-homenagem-ao-ministro-paulo-de-tarso-sanseverino-sera-lancada-dia-5\/","title":{"rendered":"Obra sobre direito privado em homenagem ao ministro Paulo de Tarso Sanseverino ser\u00e1 lan\u00e7ada dia 5"},"content":{"rendered":"<p>Obra sobre direito privado em homenagem ao ministro Paulo de Tarso Sanseverino ser\u00e1 lan\u00e7ada dia 5<\/p>","protected":false},"excerpt":{"rendered":"<p>Obra sobre direito privado em homenagem ao ministro Paulo de Tarso Sanseverino ser\u00e1 lan\u00e7ada dia 5<\/p>\n","protected":false},"author":0,"featured_media":0,"comment_status":"open","ping_status":"open","sticky":false,"template":"","format":"standard","meta":[],"categories":[1],"tags":[],"_links":{"self":[{"href":"https:\/\/aprimora.site\/carvalhoalmeidaadvogados\/wp-json\/wp\/v2\/posts\/7909"}],"collection":[{"href":"https:\/\/aprimora.site\/carvalhoalmeidaadvogados\/wp-json\/wp\/v2\/posts"}],"about":[{"href":"https:\/\/aprimora.site\/carvalhoalmeidaadvogados\/wp-json\/wp\/v2\/types\/post"}],"replies":[{"embeddable":true,"href":"https:\/\/aprimora.site\/carvalhoalmeidaadvogados\/wp-json\/wp\/v2\/comments?post=7909"}],"version-history":[{"count":0,"href":"https:\/\/aprimora.site\/carvalhoalmeidaadvogados\/wp-json\/wp\/v2\/posts\/7909\/revisions"}],"wp:attachment":[{"href":"https:\/\/aprimora.site\/carvalhoalmeidaadvogados\/wp-json\/wp\/v2\/media?parent=7909"}],"wp:term":[{"taxonomy":"category","embeddable":true,"href":"https:\/\/aprimora.site\/carvalhoalmeidaadvogados\/wp-json\/wp\/v2\/categories?post=7909"},{"taxonomy":"post_tag","embeddable":true,"href":"https:\/\/aprimora.site\/carvalhoalmeidaadvogados\/wp-json\/wp\/v2\/tags?post=7909"}],"curies":[{"name":"wp","href":"https:\/\/api.w.org\/{rel}","templated":true}]}}