{"id":7904,"date":"2024-10-25T19:56:56","date_gmt":"2024-10-25T22:56:56","guid":{"rendered":"https:\/\/aprimora.site\/carvalhoalmeidaadvogados\/2024\/10\/25\/acordo-de-mariana-primeira-parcela-de-r-5-bi-sera-paga-em-um-mes-e-maior-parcela-em-2026\/"},"modified":"2024-10-25T19:56:56","modified_gmt":"2024-10-25T22:56:56","slug":"acordo-de-mariana-primeira-parcela-de-r-5-bi-sera-paga-em-um-mes-e-maior-parcela-em-2026","status":"publish","type":"post","link":"https:\/\/aprimora.site\/carvalhoalmeidaadvogados\/2024\/10\/25\/acordo-de-mariana-primeira-parcela-de-r-5-bi-sera-paga-em-um-mes-e-maior-parcela-em-2026\/","title":{"rendered":"Acordo de Mariana: primeira parcela de R$ 5 bi ser\u00e1 paga em um m\u00eas e maior parcela em 2026"},"content":{"rendered":"<p>A Uni\u00e3o, as empresas <a href=\"https:\/\/www.jota.info\/tudo-sobre\/vale\">Vale<\/a> e BHP, e os governos municipais e estaduais de Esp\u00edrito Santo e Minas Gerais assinaram nesta sexta-feira (25\/10) o acordo de R$ 132 bilh\u00f5es para repara\u00e7\u00e3o dos danos causados pelo rompimento da barragem de Fund\u00e3o, em <a href=\"https:\/\/www.jota.info\/tudo-sobre\/desastre-em-mariana\">Mariana<\/a> (MG), em 2015. Esse montante \u00e9\u00a0em novos recursos que se somam a outros R$ 38 bilh\u00f5es j\u00e1 desembolsados via Funda\u00e7\u00e3o Renova, totalizando um <a href=\"https:\/\/www.jota.info\/justica\/acordo-de-reparacao-por-desastre-de-mariana-mg-deve-chegar-a-r-170-bilhoes\">valor global de R$ 170 bilh\u00f5es<\/a>.\u00a0A repactua\u00e7\u00e3o foi fechada em cerim\u00f4nia no Pal\u00e1cio do Planalto.<\/p>\n<p>Os valores envolvidos na negocia\u00e7\u00e3o ficaram da seguinte forma: do total, R$ 100 bilh\u00f5es em valores novos pagos em 20 anos, distribu\u00eddos conforme as principais destina\u00e7\u00f5es; R$ 32 bilh\u00f5es s\u00e3o para custeio de indeniza\u00e7\u00f5es a pessoas atingidas, e os outros R$ 38 bilh\u00f5es, que j\u00e1 foram desembolsados por meio da Funda\u00e7\u00e3o Renova para a repara\u00e7\u00e3o socioambiental.<\/p>\n<h3><a href=\"https:\/\/conteudo.jota.info\/marketing-lp-newsletter-ultimas-noticias\">Assine gratuitamente a newsletter \u00daltimas Not\u00edcias do <span class=\"jota\">JOTA<\/span> e receba as principais not\u00edcias jur\u00eddicas e pol\u00edticas diariamente no seu email<\/a><\/h3>\n<p>A primeira parcela dos R$ 100 bilh\u00f5es, no valor de R$ 5 bilh\u00f5es, ser\u00e1 paga em 30 dias a contar da data de assinatura do acordo. O restante do pagamento seguir\u00e1 um cronograma cont\u00ednuo, ano a ano, at\u00e9 2043. Os valores anuais variam entre R$ 4,41 bilh\u00f5es, previstos para a \u00faltima parcela, em 2043, e R$ 7 bilh\u00f5es, o mais alto a ser pago em um ano, em 2026 \u2013 ano eleitoral.<\/p>\n<p>Dos recursos novos, R$ 39,83 bilh\u00f5es ser\u00e3o destinados aos diretamente atingidos; R$ 16 bi para a recupera\u00e7\u00e3o ambiental; R$ 17 bi para repara\u00e7\u00e3o do meio ambiente; R$ 15 bi para saneamento e rodovias; R$ 1,6 bi para a ACP Mariana; R$ 6,1 bi para os munic\u00edpios; e R$ 1,8 bi para processos institucionais e de transpar\u00eancia.<\/p>\n<p>Al\u00e9m das obriga\u00e7\u00f5es financeiras, as empresas Samarco, Vale e BHP ter\u00e3o que:<\/p>\n<p>Finalizar o reassentamento de Bento Rodrigues e Paracatu de Baixo;<br \/>\nRetirar 9 milh\u00f5es de m\u00b3 de rejeito depositados no reservat\u00f3rio UHE Risoleta Neves;<br \/>\nRecuperar 54 mil hectares de floresta nativa da Bacia do Rio Doce;<br \/>\nRecuperar 5 mil nascentes na Bacia do Rio Doce;<br \/>\nRealizar o Gerenciamento de \u00c1reas Contaminadas \u2013 GAC<\/p>\n<p>Estavam presentes no Pal\u00e1cio do Planalto os governadores de Minas Gerais, Romeu Zema (Novo), do Esp\u00edrito Santo, Renato Casagrande (PSB), al\u00e9m dos ministros Alexandre Silveira (Minas e Energia), Rui Costa (Casa Civil), N\u00edsia Trindade (Sa\u00fade), Jorge Messias (Advocacia-Geral da Uni\u00e3o), Wellington Dias (Desenvolvimento Social), S\u00f4nia Guajajara (Povos Ind\u00edgenas), Anielle Franco (Igualdade Racial), M\u00e1rcio Macedo (Secretaria-Geral), do vice-presidente Geraldo Alckmin, do presidente do Supremo Tribunal Federal (STF), Lu\u00eds Roberto Barroso e do procurador-geral da Rep\u00fablica, Paulo Gonet.<\/p>","protected":false},"excerpt":{"rendered":"<p>A Uni\u00e3o, as empresas Vale e BHP, e os governos municipais e estaduais de Esp\u00edrito Santo e Minas Gerais assinaram nesta sexta-feira (25\/10) o acordo de R$ 132 bilh\u00f5es para repara\u00e7\u00e3o dos danos causados pelo rompimento da barragem de Fund\u00e3o, em Mariana (MG), em 2015. Esse montante \u00e9\u00a0em novos recursos que se somam a outros [&hellip;]<\/p>\n","protected":false},"author":0,"featured_media":0,"comment_status":"open","ping_status":"open","sticky":false,"template":"","format":"standard","meta":[],"categories":[1],"tags":[],"_links":{"self":[{"href":"https:\/\/aprimora.site\/carvalhoalmeidaadvogados\/wp-json\/wp\/v2\/posts\/7904"}],"collection":[{"href":"https:\/\/aprimora.site\/carvalhoalmeidaadvogados\/wp-json\/wp\/v2\/posts"}],"about":[{"href":"https:\/\/aprimora.site\/carvalhoalmeidaadvogados\/wp-json\/wp\/v2\/types\/post"}],"replies":[{"embeddable":true,"href":"https:\/\/aprimora.site\/carvalhoalmeidaadvogados\/wp-json\/wp\/v2\/comments?post=7904"}],"version-history":[{"count":0,"href":"https:\/\/aprimora.site\/carvalhoalmeidaadvogados\/wp-json\/wp\/v2\/posts\/7904\/revisions"}],"wp:attachment":[{"href":"https:\/\/aprimora.site\/carvalhoalmeidaadvogados\/wp-json\/wp\/v2\/media?parent=7904"}],"wp:term":[{"taxonomy":"category","embeddable":true,"href":"https:\/\/aprimora.site\/carvalhoalmeidaadvogados\/wp-json\/wp\/v2\/categories?post=7904"},{"taxonomy":"post_tag","embeddable":true,"href":"https:\/\/aprimora.site\/carvalhoalmeidaadvogados\/wp-json\/wp\/v2\/tags?post=7904"}],"curies":[{"name":"wp","href":"https:\/\/api.w.org\/{rel}","templated":true}]}}