{"id":7895,"date":"2024-10-25T19:56:56","date_gmt":"2024-10-25T22:56:56","guid":{"rendered":"https:\/\/aprimora.site\/carvalhoalmeidaadvogados\/2024\/10\/25\/segundo-turno-em-belem-igor-normando-x-eder-mauro-propostas-e-perfis-dos-candidatos\/"},"modified":"2024-10-25T19:56:56","modified_gmt":"2024-10-25T22:56:56","slug":"segundo-turno-em-belem-igor-normando-x-eder-mauro-propostas-e-perfis-dos-candidatos","status":"publish","type":"post","link":"https:\/\/aprimora.site\/carvalhoalmeidaadvogados\/2024\/10\/25\/segundo-turno-em-belem-igor-normando-x-eder-mauro-propostas-e-perfis-dos-candidatos\/","title":{"rendered":"Segundo turno em Bel\u00e9m \u2013 Igor Normando x \u00c9der Mauro \u2013 Propostas e perfis dos candidatos"},"content":{"rendered":"<p>O segundo turno das elei\u00e7\u00f5es 2024 pela Prefeitura Municipal de Bel\u00e9m (PA) ser\u00e1 disputado em 27 de outubro pelos candidatos Igor Normando (MDB) e Delegado \u00c9der Mauro (PL). O postulante emedebista, que conta com o apoio do primo <a href=\"https:\/\/www.jota.info\/tudo-sobre\/helder-barbalho\">Helder Barbalho<\/a> (MDB), governador do Par\u00e1, terminou o primeiro turno na lideran\u00e7a com 44,89% dos votos v\u00e1lidos. J\u00e1 o seu advers\u00e1rio, que recebeu o apoio do ex-presidente <a href=\"https:\/\/www.jota.info\/eleicoes\/jair-bolsonaro-a-trajetoria-militar-e-politica-do-presidente-que-busca-a-reeleicao\">Jair Bolsonaro<\/a>, tamb\u00e9m do PL, obteve 31,48%.<\/p>\n<p>O atual prefeito da capital paraense, <a href=\"https:\/\/www.jota.info\/eleicoes\/quem-sao-os-candidatos-a-prefeito-de-belem-nas-eleicoes-municipais-de-2024\">Edmilson Rodrigues<\/a> (PSol), terminou a disputa pela reelei\u00e7\u00e3o apenas em terceiro lugar, com 9,78% dos votos. Ele teve o apoio do PT no pleito, contudo, a avalia\u00e7\u00e3o da sua gest\u00e3o se deteriorou nos \u00faltimos anos, especialmente devido a cr\u00edticas em rela\u00e7\u00e3o \u00e0 coleta de lixo e ao tratamento de res\u00edduos s\u00f3lidos da cidade. Essa rejei\u00e7\u00e3o tamb\u00e9m provocou um racha na esquerda paraense, levando partidos como PSB e PDT, que o apoiavam anteriormente, a endossar o nome de Igor Normando neste ano.<\/p>\n<h3><a href=\"https:\/\/conteudo.jota.info\/marketing-lp-newsletter-ultimas-noticias?utm_source=jota&amp;utm_medium=lp&amp;utm_campaign=23-09-2024-jota-lp-eleicoes-2024-eleicoes-2024-none-audiencias-none&amp;utm_content=eleicoes-2024&amp;utm_term=none\">Assine gratuitamente a newsletter \u00daltimas Not\u00edcias do <span class=\"jota\">JOTA<\/span> e receba as principais not\u00edcias jur\u00eddicas e pol\u00edticas do dia no seu email<\/a><\/h3>\n<p>Caso conquiste a Prefeitura belenense, o candidato Igor Normando pretende ampliar e capacitar a Estrat\u00e9gia de Sa\u00fade da Fam\u00edlia (ESF), criar a secretaria de Seguran\u00e7a e Defesa Social de Bel\u00e9m (SegBel), elaborar um programa de forma\u00e7\u00e3o continuada em servi\u00e7o para professores e t\u00e9cnicos e criar o programa \u2018Sua Casa Municipal\u2019. <a href=\"https:\/\/divulgacandcontas.tse.jus.br\/candidaturas\/oficial\/2024\/PA\/04278\/619\/candidatos\/140002181381\/pje-Plano%20de%20Governo%20-%20Belem%20-%20Igor%20Normando.pdf\">Confira as propostas de governo de Igor Normando, candidato a prefeito de Bel\u00e9m<\/a>.<\/p>\n<p>O candidato \u00c9der Mauro quer promover o fortalecimento dos setores e segmentos das cadeias produtivas local, ampliar e fortalecer a rede de servi\u00e7os de prote\u00e7\u00e3o social b\u00e1sica no munic\u00edpio, implantar o programa PoupaTempo da Sa\u00fade de Bel\u00e9m e elaborar um novo plano municipal de educa\u00e7\u00e3o para Bel\u00e9m. <a href=\"https:\/\/images.jota.info\/wp-content\/uploads\/2024\/10\/programadegovernodelegadoedermauro.pdf\">Leia as propostas de \u00c9der Mauro, candidato \u00e0 Prefeitura de Bel\u00e9m<\/a>.<\/p>\n<p>+<span class=\"jota\">JOTA<\/span>:\u00a0<a href=\"https:\/\/www.jota.info\/eleicoes\/segundo-turno-em-fortaleza-andre-fernandes-x-leitao-propostas-e-perfis-dos-candidatos\">Segundo turno em Fortaleza \u2013 Andr\u00e9 Fernandes x Leit\u00e3o \u2013 Propostas e perfis dos candidatos<\/a><\/p>\n<p>+<span class=\"jota\">JOTA<\/span>: <a href=\"https:\/\/www.jota.info\/eleicoes\/segundo-turno-em-aracaju-emilia-correa-x-luiz-roberto-propostas-e-perfis-dos-candidatos\">Segundo turno em Aracaju \u2013 Em\u00edlia Corr\u00eaa x Luiz Roberto \u2013 Propostas e perfis dos candidatos<\/a><\/p>\n<h2>Quem s\u00e3o os candidatos que disputam o segundo turno em Bel\u00e9m (PA) nas elei\u00e7\u00f5es municipais de 2024<\/h2>\n<h2>Igor Normando (MDB)<\/h2>\n<p>Igor Wander Centeno Normando, 36 anos, \u00e9 natural de Bel\u00e9m (PA) e desde 2019 ocupa o cargo de deputado estadual pelo Par\u00e1. Normando iniciou sua milit\u00e2ncia pol\u00edtica aos 15 anos no movimento estudantil. Na \u00e9poca, ele era dirigente da Uni\u00e3o Metropolitana dos Estudantes Secundaristas (UMES). Em 2008, foi vice-presidente dos Estudantes do Par\u00e1 e foi eleito dirigente da entidade m\u00e1xima dos Estudantes no Brasil (UNE). Eleito vereador de Bel\u00e9m em 2012, aos 24 anos, foi reeleito no pleito seguinte pelo PHS. Filiou-se ao Podemos em 2019. Em 2024, deixou a sigla e migrou para o MDB, sigla pela qual \u00e9 candidato a prefeito de Bel\u00e9m, ao lado do correligion\u00e1rio C\u00e1ssio Andrade, como candidato a vice-prefeito, nas elei\u00e7\u00f5es municipais de 2024. \u00a0Agora Igor Normando disputa o segundo turno das elei\u00e7\u00f5es 2024 para a Prefeitura de Bel\u00e9m contra o Delegado \u00c9der Mauro.<\/p>\n<h3>Delegado \u00c9der Mauro (PL)<\/h3>\n<p>O candidato a prefeito de Bel\u00e9m \u00c9der Mauro Cardoso Barra, 63 anos, tamb\u00e9m conhecido como Delegado \u00c9der Mauro, \u00e9 um delegado de pol\u00edcia filiado ao Partido Liberal (PL). Atualmente, \u00e9 deputado federal pelo Par\u00e1. O parlamentar permaneceu no cargo de delegado da Pol\u00edcia Civil por 30 anos, entre 1984 e 2014, quando disputou pela primeira vez e foi eleito deputado federal pelo Par\u00e1. Filiado ao PSD \u00e0 \u00e9poca, assumiu o cargo em fevereiro de 2015. Em 2016, disputou a Prefeitura de Bel\u00e9m e terminou o pleito em terceiro lugar. Em 2018, foi novamente eleito deputado federal pelo Par\u00e1 e reeleito na elei\u00e7\u00e3o seguinte. \u00c9der Mauro tem apoio do ex-presidente Jair Bolsonaro e comp\u00f5e a chapa com Dra Tatiane, tamb\u00e9m do PL, como candidata a vice-prefeita. Agora o delegado \u00c9der Mauro disputa o segundo turno das elei\u00e7\u00f5es 2024 para a Prefeitura de Bel\u00e9m contra Igor Normando.<\/p>","protected":false},"excerpt":{"rendered":"<p>O segundo turno das elei\u00e7\u00f5es 2024 pela Prefeitura Municipal de Bel\u00e9m (PA) ser\u00e1 disputado em 27 de outubro pelos candidatos Igor Normando (MDB) e Delegado \u00c9der Mauro (PL). O postulante emedebista, que conta com o apoio do primo Helder Barbalho (MDB), governador do Par\u00e1, terminou o primeiro turno na lideran\u00e7a com 44,89% dos votos v\u00e1lidos. [&hellip;]<\/p>\n","protected":false},"author":0,"featured_media":0,"comment_status":"open","ping_status":"open","sticky":false,"template":"","format":"standard","meta":[],"categories":[1],"tags":[],"_links":{"self":[{"href":"https:\/\/aprimora.site\/carvalhoalmeidaadvogados\/wp-json\/wp\/v2\/posts\/7895"}],"collection":[{"href":"https:\/\/aprimora.site\/carvalhoalmeidaadvogados\/wp-json\/wp\/v2\/posts"}],"about":[{"href":"https:\/\/aprimora.site\/carvalhoalmeidaadvogados\/wp-json\/wp\/v2\/types\/post"}],"replies":[{"embeddable":true,"href":"https:\/\/aprimora.site\/carvalhoalmeidaadvogados\/wp-json\/wp\/v2\/comments?post=7895"}],"version-history":[{"count":0,"href":"https:\/\/aprimora.site\/carvalhoalmeidaadvogados\/wp-json\/wp\/v2\/posts\/7895\/revisions"}],"wp:attachment":[{"href":"https:\/\/aprimora.site\/carvalhoalmeidaadvogados\/wp-json\/wp\/v2\/media?parent=7895"}],"wp:term":[{"taxonomy":"category","embeddable":true,"href":"https:\/\/aprimora.site\/carvalhoalmeidaadvogados\/wp-json\/wp\/v2\/categories?post=7895"},{"taxonomy":"post_tag","embeddable":true,"href":"https:\/\/aprimora.site\/carvalhoalmeidaadvogados\/wp-json\/wp\/v2\/tags?post=7895"}],"curies":[{"name":"wp","href":"https:\/\/api.w.org\/{rel}","templated":true}]}}