{"id":7867,"date":"2024-10-24T17:32:26","date_gmt":"2024-10-24T20:32:26","guid":{"rendered":"https:\/\/aprimora.site\/carvalhoalmeidaadvogados\/2024\/10\/24\/segundo-dia-do-congresso-sobre-precedentes-debate-consequencias-praticas-das-decisoes-qualificadas\/"},"modified":"2024-10-24T17:32:26","modified_gmt":"2024-10-24T20:32:26","slug":"segundo-dia-do-congresso-sobre-precedentes-debate-consequencias-praticas-das-decisoes-qualificadas","status":"publish","type":"post","link":"https:\/\/aprimora.site\/carvalhoalmeidaadvogados\/2024\/10\/24\/segundo-dia-do-congresso-sobre-precedentes-debate-consequencias-praticas-das-decisoes-qualificadas\/","title":{"rendered":"Segundo dia do congresso sobre precedentes debate consequ\u00eancias pr\u00e1ticas das decis\u00f5es qualificadas"},"content":{"rendered":"<p>Segundo dia do congresso sobre precedentes debate consequ\u00eancias pr\u00e1ticas das decis\u00f5es qualificadas<\/p>","protected":false},"excerpt":{"rendered":"<p>Segundo dia do congresso sobre precedentes debate consequ\u00eancias pr\u00e1ticas das decis\u00f5es qualificadas<\/p>\n","protected":false},"author":0,"featured_media":0,"comment_status":"open","ping_status":"open","sticky":false,"template":"","format":"standard","meta":[],"categories":[1],"tags":[],"_links":{"self":[{"href":"https:\/\/aprimora.site\/carvalhoalmeidaadvogados\/wp-json\/wp\/v2\/posts\/7867"}],"collection":[{"href":"https:\/\/aprimora.site\/carvalhoalmeidaadvogados\/wp-json\/wp\/v2\/posts"}],"about":[{"href":"https:\/\/aprimora.site\/carvalhoalmeidaadvogados\/wp-json\/wp\/v2\/types\/post"}],"replies":[{"embeddable":true,"href":"https:\/\/aprimora.site\/carvalhoalmeidaadvogados\/wp-json\/wp\/v2\/comments?post=7867"}],"version-history":[{"count":0,"href":"https:\/\/aprimora.site\/carvalhoalmeidaadvogados\/wp-json\/wp\/v2\/posts\/7867\/revisions"}],"wp:attachment":[{"href":"https:\/\/aprimora.site\/carvalhoalmeidaadvogados\/wp-json\/wp\/v2\/media?parent=7867"}],"wp:term":[{"taxonomy":"category","embeddable":true,"href":"https:\/\/aprimora.site\/carvalhoalmeidaadvogados\/wp-json\/wp\/v2\/categories?post=7867"},{"taxonomy":"post_tag","embeddable":true,"href":"https:\/\/aprimora.site\/carvalhoalmeidaadvogados\/wp-json\/wp\/v2\/tags?post=7867"}],"curies":[{"name":"wp","href":"https:\/\/api.w.org\/{rel}","templated":true}]}}