{"id":7794,"date":"2024-10-18T19:21:10","date_gmt":"2024-10-18T22:21:10","guid":{"rendered":"https:\/\/aprimora.site\/carvalhoalmeidaadvogados\/2024\/10\/18\/stj-noticias-traz-decisao-que-vedou-troca-de-modelo-da-declaracao-do-ir-apos-prazo-de-entrega\/"},"modified":"2024-10-18T19:21:10","modified_gmt":"2024-10-18T22:21:10","slug":"stj-noticias-traz-decisao-que-vedou-troca-de-modelo-da-declaracao-do-ir-apos-prazo-de-entrega","status":"publish","type":"post","link":"https:\/\/aprimora.site\/carvalhoalmeidaadvogados\/2024\/10\/18\/stj-noticias-traz-decisao-que-vedou-troca-de-modelo-da-declaracao-do-ir-apos-prazo-de-entrega\/","title":{"rendered":"STJ Not\u00edcias traz decis\u00e3o que vedou troca de modelo da declara\u00e7\u00e3o do IR ap\u00f3s prazo de entrega"},"content":{"rendered":"<p>STJ Not\u00edcias traz decis\u00e3o que vedou troca de modelo da declara\u00e7\u00e3o do IR ap\u00f3s prazo de entrega<\/p>","protected":false},"excerpt":{"rendered":"<p>STJ Not\u00edcias traz decis\u00e3o que vedou troca de modelo da declara\u00e7\u00e3o do IR ap\u00f3s prazo de entrega<\/p>\n","protected":false},"author":0,"featured_media":0,"comment_status":"open","ping_status":"open","sticky":false,"template":"","format":"standard","meta":[],"categories":[1],"tags":[],"_links":{"self":[{"href":"https:\/\/aprimora.site\/carvalhoalmeidaadvogados\/wp-json\/wp\/v2\/posts\/7794"}],"collection":[{"href":"https:\/\/aprimora.site\/carvalhoalmeidaadvogados\/wp-json\/wp\/v2\/posts"}],"about":[{"href":"https:\/\/aprimora.site\/carvalhoalmeidaadvogados\/wp-json\/wp\/v2\/types\/post"}],"replies":[{"embeddable":true,"href":"https:\/\/aprimora.site\/carvalhoalmeidaadvogados\/wp-json\/wp\/v2\/comments?post=7794"}],"version-history":[{"count":0,"href":"https:\/\/aprimora.site\/carvalhoalmeidaadvogados\/wp-json\/wp\/v2\/posts\/7794\/revisions"}],"wp:attachment":[{"href":"https:\/\/aprimora.site\/carvalhoalmeidaadvogados\/wp-json\/wp\/v2\/media?parent=7794"}],"wp:term":[{"taxonomy":"category","embeddable":true,"href":"https:\/\/aprimora.site\/carvalhoalmeidaadvogados\/wp-json\/wp\/v2\/categories?post=7794"},{"taxonomy":"post_tag","embeddable":true,"href":"https:\/\/aprimora.site\/carvalhoalmeidaadvogados\/wp-json\/wp\/v2\/tags?post=7794"}],"curies":[{"name":"wp","href":"https:\/\/api.w.org\/{rel}","templated":true}]}}