{"id":7606,"date":"2024-09-27T01:32:44","date_gmt":"2024-09-27T04:32:44","guid":{"rendered":"https:\/\/aprimora.site\/carvalhoalmeidaadvogados\/2024\/09\/27\/pagina-de-repetitivos-e-iacs-inclui-julgados-sobre-obrigatoriedade-de-reducao-proporcional-da-pena-base\/"},"modified":"2024-09-27T01:32:44","modified_gmt":"2024-09-27T04:32:44","slug":"pagina-de-repetitivos-e-iacs-inclui-julgados-sobre-obrigatoriedade-de-reducao-proporcional-da-pena-base","status":"publish","type":"post","link":"https:\/\/aprimora.site\/carvalhoalmeidaadvogados\/2024\/09\/27\/pagina-de-repetitivos-e-iacs-inclui-julgados-sobre-obrigatoriedade-de-reducao-proporcional-da-pena-base\/","title":{"rendered":"P\u00e1gina de Repetitivos e IACs inclui julgados sobre obrigatoriedade de redu\u00e7\u00e3o proporcional da pena-base"},"content":{"rendered":"<p>P\u00e1gina de Repetitivos e IACs inclui julgados sobre obrigatoriedade de redu\u00e7\u00e3o proporcional da pena-base<\/p>","protected":false},"excerpt":{"rendered":"<p>P\u00e1gina de Repetitivos e IACs inclui julgados sobre obrigatoriedade de redu\u00e7\u00e3o proporcional da pena-base<\/p>\n","protected":false},"author":0,"featured_media":0,"comment_status":"open","ping_status":"open","sticky":false,"template":"","format":"standard","meta":[],"categories":[1],"tags":[],"_links":{"self":[{"href":"https:\/\/aprimora.site\/carvalhoalmeidaadvogados\/wp-json\/wp\/v2\/posts\/7606"}],"collection":[{"href":"https:\/\/aprimora.site\/carvalhoalmeidaadvogados\/wp-json\/wp\/v2\/posts"}],"about":[{"href":"https:\/\/aprimora.site\/carvalhoalmeidaadvogados\/wp-json\/wp\/v2\/types\/post"}],"replies":[{"embeddable":true,"href":"https:\/\/aprimora.site\/carvalhoalmeidaadvogados\/wp-json\/wp\/v2\/comments?post=7606"}],"version-history":[{"count":0,"href":"https:\/\/aprimora.site\/carvalhoalmeidaadvogados\/wp-json\/wp\/v2\/posts\/7606\/revisions"}],"wp:attachment":[{"href":"https:\/\/aprimora.site\/carvalhoalmeidaadvogados\/wp-json\/wp\/v2\/media?parent=7606"}],"wp:term":[{"taxonomy":"category","embeddable":true,"href":"https:\/\/aprimora.site\/carvalhoalmeidaadvogados\/wp-json\/wp\/v2\/categories?post=7606"},{"taxonomy":"post_tag","embeddable":true,"href":"https:\/\/aprimora.site\/carvalhoalmeidaadvogados\/wp-json\/wp\/v2\/tags?post=7606"}],"curies":[{"name":"wp","href":"https:\/\/api.w.org\/{rel}","templated":true}]}}