{"id":7599,"date":"2024-09-27T01:32:44","date_gmt":"2024-09-27T04:32:44","guid":{"rendered":"https:\/\/aprimora.site\/carvalhoalmeidaadvogados\/2024\/09\/27\/repetitivo-discute-aplicacao-do-cdc-em-acoes-indenizatorias-decorrentes-do-desastre-de-brumadinho\/"},"modified":"2024-09-27T01:32:44","modified_gmt":"2024-09-27T04:32:44","slug":"repetitivo-discute-aplicacao-do-cdc-em-acoes-indenizatorias-decorrentes-do-desastre-de-brumadinho","status":"publish","type":"post","link":"https:\/\/aprimora.site\/carvalhoalmeidaadvogados\/2024\/09\/27\/repetitivo-discute-aplicacao-do-cdc-em-acoes-indenizatorias-decorrentes-do-desastre-de-brumadinho\/","title":{"rendered":"Repetitivo discute aplica\u00e7\u00e3o do CDC em a\u00e7\u00f5es indenizat\u00f3rias decorrentes do desastre de Brumadinho"},"content":{"rendered":"<p>Repetitivo discute aplica\u00e7\u00e3o do CDC em a\u00e7\u00f5es indenizat\u00f3rias decorrentes do desastre de Brumadinho<\/p>","protected":false},"excerpt":{"rendered":"<p>Repetitivo discute aplica\u00e7\u00e3o do CDC em a\u00e7\u00f5es indenizat\u00f3rias decorrentes do desastre de Brumadinho<\/p>\n","protected":false},"author":0,"featured_media":0,"comment_status":"open","ping_status":"open","sticky":false,"template":"","format":"standard","meta":[],"categories":[1],"tags":[],"_links":{"self":[{"href":"https:\/\/aprimora.site\/carvalhoalmeidaadvogados\/wp-json\/wp\/v2\/posts\/7599"}],"collection":[{"href":"https:\/\/aprimora.site\/carvalhoalmeidaadvogados\/wp-json\/wp\/v2\/posts"}],"about":[{"href":"https:\/\/aprimora.site\/carvalhoalmeidaadvogados\/wp-json\/wp\/v2\/types\/post"}],"replies":[{"embeddable":true,"href":"https:\/\/aprimora.site\/carvalhoalmeidaadvogados\/wp-json\/wp\/v2\/comments?post=7599"}],"version-history":[{"count":0,"href":"https:\/\/aprimora.site\/carvalhoalmeidaadvogados\/wp-json\/wp\/v2\/posts\/7599\/revisions"}],"wp:attachment":[{"href":"https:\/\/aprimora.site\/carvalhoalmeidaadvogados\/wp-json\/wp\/v2\/media?parent=7599"}],"wp:term":[{"taxonomy":"category","embeddable":true,"href":"https:\/\/aprimora.site\/carvalhoalmeidaadvogados\/wp-json\/wp\/v2\/categories?post=7599"},{"taxonomy":"post_tag","embeddable":true,"href":"https:\/\/aprimora.site\/carvalhoalmeidaadvogados\/wp-json\/wp\/v2\/tags?post=7599"}],"curies":[{"name":"wp","href":"https:\/\/api.w.org\/{rel}","templated":true}]}}