{"id":7567,"date":"2024-09-20T19:03:03","date_gmt":"2024-09-20T22:03:03","guid":{"rendered":"https:\/\/aprimora.site\/carvalhoalmeidaadvogados\/2024\/09\/20\/suspensa-acao-trabalhista-em-que-mae-do-menino-miguel-pede-indenizacao-por-danos-morais\/"},"modified":"2024-09-20T19:03:03","modified_gmt":"2024-09-20T22:03:03","slug":"suspensa-acao-trabalhista-em-que-mae-do-menino-miguel-pede-indenizacao-por-danos-morais","status":"publish","type":"post","link":"https:\/\/aprimora.site\/carvalhoalmeidaadvogados\/2024\/09\/20\/suspensa-acao-trabalhista-em-que-mae-do-menino-miguel-pede-indenizacao-por-danos-morais\/","title":{"rendered":"Suspensa a\u00e7\u00e3o trabalhista em que m\u00e3e do menino Miguel pede indeniza\u00e7\u00e3o por danos morais"},"content":{"rendered":"<p>Suspensa a\u00e7\u00e3o trabalhista em que m\u00e3e do menino Miguel pede indeniza\u00e7\u00e3o por danos morais<\/p>","protected":false},"excerpt":{"rendered":"<p>Suspensa a\u00e7\u00e3o trabalhista em que m\u00e3e do menino Miguel pede indeniza\u00e7\u00e3o por danos morais<\/p>\n","protected":false},"author":0,"featured_media":0,"comment_status":"open","ping_status":"open","sticky":false,"template":"","format":"standard","meta":[],"categories":[1],"tags":[],"_links":{"self":[{"href":"https:\/\/aprimora.site\/carvalhoalmeidaadvogados\/wp-json\/wp\/v2\/posts\/7567"}],"collection":[{"href":"https:\/\/aprimora.site\/carvalhoalmeidaadvogados\/wp-json\/wp\/v2\/posts"}],"about":[{"href":"https:\/\/aprimora.site\/carvalhoalmeidaadvogados\/wp-json\/wp\/v2\/types\/post"}],"replies":[{"embeddable":true,"href":"https:\/\/aprimora.site\/carvalhoalmeidaadvogados\/wp-json\/wp\/v2\/comments?post=7567"}],"version-history":[{"count":0,"href":"https:\/\/aprimora.site\/carvalhoalmeidaadvogados\/wp-json\/wp\/v2\/posts\/7567\/revisions"}],"wp:attachment":[{"href":"https:\/\/aprimora.site\/carvalhoalmeidaadvogados\/wp-json\/wp\/v2\/media?parent=7567"}],"wp:term":[{"taxonomy":"category","embeddable":true,"href":"https:\/\/aprimora.site\/carvalhoalmeidaadvogados\/wp-json\/wp\/v2\/categories?post=7567"},{"taxonomy":"post_tag","embeddable":true,"href":"https:\/\/aprimora.site\/carvalhoalmeidaadvogados\/wp-json\/wp\/v2\/tags?post=7567"}],"curies":[{"name":"wp","href":"https:\/\/api.w.org\/{rel}","templated":true}]}}