{"id":7489,"date":"2024-09-06T09:20:41","date_gmt":"2024-09-06T12:20:41","guid":{"rendered":"https:\/\/aprimora.site\/carvalhoalmeidaadvogados\/2024\/09\/06\/stj-da-inicio-a-concretizacao-do-ultimo-bloco-projetado-por-niemeyer-para-a-sede-do-tribunal\/"},"modified":"2024-09-06T09:20:41","modified_gmt":"2024-09-06T12:20:41","slug":"stj-da-inicio-a-concretizacao-do-ultimo-bloco-projetado-por-niemeyer-para-a-sede-do-tribunal","status":"publish","type":"post","link":"https:\/\/aprimora.site\/carvalhoalmeidaadvogados\/2024\/09\/06\/stj-da-inicio-a-concretizacao-do-ultimo-bloco-projetado-por-niemeyer-para-a-sede-do-tribunal\/","title":{"rendered":"STJ d\u00e1 in\u00edcio \u00e0 concretiza\u00e7\u00e3o do \u00faltimo bloco projetado por Niemeyer para a sede do tribunal"},"content":{"rendered":"<p>O governador Ibaneis Rocha recebeu das m\u00e3os dos ministros Luis Felipe Salom\u00e3o e Herman Benjamin o of\u00edcio que inaugura o processo para viabilizar a amplia\u00e7\u00e3o da sede do STJ.<\/p>","protected":false},"excerpt":{"rendered":"<p>O governador Ibaneis Rocha recebeu das m\u00e3os dos ministros Luis Felipe Salom\u00e3o e Herman Benjamin o of\u00edcio que inaugura o processo para viabilizar a amplia\u00e7\u00e3o da sede do STJ.<\/p>\n","protected":false},"author":0,"featured_media":0,"comment_status":"open","ping_status":"open","sticky":false,"template":"","format":"standard","meta":[],"categories":[1],"tags":[],"_links":{"self":[{"href":"https:\/\/aprimora.site\/carvalhoalmeidaadvogados\/wp-json\/wp\/v2\/posts\/7489"}],"collection":[{"href":"https:\/\/aprimora.site\/carvalhoalmeidaadvogados\/wp-json\/wp\/v2\/posts"}],"about":[{"href":"https:\/\/aprimora.site\/carvalhoalmeidaadvogados\/wp-json\/wp\/v2\/types\/post"}],"replies":[{"embeddable":true,"href":"https:\/\/aprimora.site\/carvalhoalmeidaadvogados\/wp-json\/wp\/v2\/comments?post=7489"}],"version-history":[{"count":0,"href":"https:\/\/aprimora.site\/carvalhoalmeidaadvogados\/wp-json\/wp\/v2\/posts\/7489\/revisions"}],"wp:attachment":[{"href":"https:\/\/aprimora.site\/carvalhoalmeidaadvogados\/wp-json\/wp\/v2\/media?parent=7489"}],"wp:term":[{"taxonomy":"category","embeddable":true,"href":"https:\/\/aprimora.site\/carvalhoalmeidaadvogados\/wp-json\/wp\/v2\/categories?post=7489"},{"taxonomy":"post_tag","embeddable":true,"href":"https:\/\/aprimora.site\/carvalhoalmeidaadvogados\/wp-json\/wp\/v2\/tags?post=7489"}],"curies":[{"name":"wp","href":"https:\/\/api.w.org\/{rel}","templated":true}]}}