{"id":7466,"date":"2024-09-04T02:46:07","date_gmt":"2024-09-04T05:46:07","guid":{"rendered":"https:\/\/aprimora.site\/carvalhoalmeidaadvogados\/2024\/09\/04\/prescricao-da-divida-impede-cobranca-mas-nao-inclusao-do-devedor-em-plataforma-de-negociacao-de-debito\/"},"modified":"2024-09-04T02:46:07","modified_gmt":"2024-09-04T05:46:07","slug":"prescricao-da-divida-impede-cobranca-mas-nao-inclusao-do-devedor-em-plataforma-de-negociacao-de-debito","status":"publish","type":"post","link":"https:\/\/aprimora.site\/carvalhoalmeidaadvogados\/2024\/09\/04\/prescricao-da-divida-impede-cobranca-mas-nao-inclusao-do-devedor-em-plataforma-de-negociacao-de-debito\/","title":{"rendered":"Prescri\u00e7\u00e3o da d\u00edvida impede cobran\u00e7a, mas n\u00e3o inclus\u00e3o do devedor em plataforma de negocia\u00e7\u00e3o de d\u00e9bito"},"content":{"rendered":"<p>A Terceira Turma entendeu que, embora n\u00e3o seja poss\u00edvel a cobran\u00e7a extrajudicial de uma d\u00edvida prescrita, essa prescri\u00e7\u00e3o n\u00e3o imp\u00f5e a retirada do devedor da plataforma Serasa Limpa Nome.<\/p>","protected":false},"excerpt":{"rendered":"<p>A Terceira Turma entendeu que, embora n\u00e3o seja poss\u00edvel a cobran\u00e7a extrajudicial de uma d\u00edvida prescrita, essa prescri\u00e7\u00e3o n\u00e3o imp\u00f5e a retirada do devedor da plataforma Serasa Limpa Nome.<\/p>\n","protected":false},"author":0,"featured_media":0,"comment_status":"open","ping_status":"open","sticky":false,"template":"","format":"standard","meta":[],"categories":[1],"tags":[],"_links":{"self":[{"href":"https:\/\/aprimora.site\/carvalhoalmeidaadvogados\/wp-json\/wp\/v2\/posts\/7466"}],"collection":[{"href":"https:\/\/aprimora.site\/carvalhoalmeidaadvogados\/wp-json\/wp\/v2\/posts"}],"about":[{"href":"https:\/\/aprimora.site\/carvalhoalmeidaadvogados\/wp-json\/wp\/v2\/types\/post"}],"replies":[{"embeddable":true,"href":"https:\/\/aprimora.site\/carvalhoalmeidaadvogados\/wp-json\/wp\/v2\/comments?post=7466"}],"version-history":[{"count":0,"href":"https:\/\/aprimora.site\/carvalhoalmeidaadvogados\/wp-json\/wp\/v2\/posts\/7466\/revisions"}],"wp:attachment":[{"href":"https:\/\/aprimora.site\/carvalhoalmeidaadvogados\/wp-json\/wp\/v2\/media?parent=7466"}],"wp:term":[{"taxonomy":"category","embeddable":true,"href":"https:\/\/aprimora.site\/carvalhoalmeidaadvogados\/wp-json\/wp\/v2\/categories?post=7466"},{"taxonomy":"post_tag","embeddable":true,"href":"https:\/\/aprimora.site\/carvalhoalmeidaadvogados\/wp-json\/wp\/v2\/tags?post=7466"}],"curies":[{"name":"wp","href":"https:\/\/api.w.org\/{rel}","templated":true}]}}