{"id":7458,"date":"2024-09-04T02:46:07","date_gmt":"2024-09-04T05:46:07","guid":{"rendered":"https:\/\/aprimora.site\/carvalhoalmeidaadvogados\/2024\/09\/04\/os-limites-a-proibicao-de-penhora-do-fgts-segundo-a-jurisprudencia-do-stj\/"},"modified":"2024-09-04T02:46:07","modified_gmt":"2024-09-04T05:46:07","slug":"os-limites-a-proibicao-de-penhora-do-fgts-segundo-a-jurisprudencia-do-stj","status":"publish","type":"post","link":"https:\/\/aprimora.site\/carvalhoalmeidaadvogados\/2024\/09\/04\/os-limites-a-proibicao-de-penhora-do-fgts-segundo-a-jurisprudencia-do-stj\/","title":{"rendered":"Os limites \u00e0 proibi\u00e7\u00e3o de penhora do FGTS, segundo a jurisprud\u00eancia do STJ"},"content":{"rendered":"<p>A impenhorabilidade da conta do FGTS n\u00e3o impediu que discuss\u00f5es sobre a constri\u00e7\u00e3o desses recursos chegassem ao STJ, especialmente quando a d\u00edvida cobrada tamb\u00e9m tinha natureza alimentar.<\/p>","protected":false},"excerpt":{"rendered":"<p>A impenhorabilidade da conta do FGTS n\u00e3o impediu que discuss\u00f5es sobre a constri\u00e7\u00e3o desses recursos chegassem ao STJ, especialmente quando a d\u00edvida cobrada tamb\u00e9m tinha natureza alimentar.<\/p>\n","protected":false},"author":0,"featured_media":0,"comment_status":"open","ping_status":"open","sticky":false,"template":"","format":"standard","meta":[],"categories":[1],"tags":[],"_links":{"self":[{"href":"https:\/\/aprimora.site\/carvalhoalmeidaadvogados\/wp-json\/wp\/v2\/posts\/7458"}],"collection":[{"href":"https:\/\/aprimora.site\/carvalhoalmeidaadvogados\/wp-json\/wp\/v2\/posts"}],"about":[{"href":"https:\/\/aprimora.site\/carvalhoalmeidaadvogados\/wp-json\/wp\/v2\/types\/post"}],"replies":[{"embeddable":true,"href":"https:\/\/aprimora.site\/carvalhoalmeidaadvogados\/wp-json\/wp\/v2\/comments?post=7458"}],"version-history":[{"count":0,"href":"https:\/\/aprimora.site\/carvalhoalmeidaadvogados\/wp-json\/wp\/v2\/posts\/7458\/revisions"}],"wp:attachment":[{"href":"https:\/\/aprimora.site\/carvalhoalmeidaadvogados\/wp-json\/wp\/v2\/media?parent=7458"}],"wp:term":[{"taxonomy":"category","embeddable":true,"href":"https:\/\/aprimora.site\/carvalhoalmeidaadvogados\/wp-json\/wp\/v2\/categories?post=7458"},{"taxonomy":"post_tag","embeddable":true,"href":"https:\/\/aprimora.site\/carvalhoalmeidaadvogados\/wp-json\/wp\/v2\/tags?post=7458"}],"curies":[{"name":"wp","href":"https:\/\/api.w.org\/{rel}","templated":true}]}}