{"id":7428,"date":"2024-08-29T01:48:04","date_gmt":"2024-08-29T04:48:04","guid":{"rendered":"https:\/\/aprimora.site\/carvalhoalmeidaadvogados\/2024\/08\/29\/stj-recebe-visita-de-delegacao-da-suprema-corte-da-indonesia-e-firma-acordo-de-cooperacao\/"},"modified":"2024-08-29T01:48:04","modified_gmt":"2024-08-29T04:48:04","slug":"stj-recebe-visita-de-delegacao-da-suprema-corte-da-indonesia-e-firma-acordo-de-cooperacao","status":"publish","type":"post","link":"https:\/\/aprimora.site\/carvalhoalmeidaadvogados\/2024\/08\/29\/stj-recebe-visita-de-delegacao-da-suprema-corte-da-indonesia-e-firma-acordo-de-cooperacao\/","title":{"rendered":"STJ recebe visita de delega\u00e7\u00e3o da Suprema Corte da Indon\u00e9sia e firma acordo de coopera\u00e7\u00e3o"},"content":{"rendered":"<p>STJ recebe visita de delega\u00e7\u00e3o da Suprema Corte da Indon\u00e9sia e firma acordo de coopera\u00e7\u00e3o<\/p>","protected":false},"excerpt":{"rendered":"<p>STJ recebe visita de delega\u00e7\u00e3o da Suprema Corte da Indon\u00e9sia e firma acordo de coopera\u00e7\u00e3o<\/p>\n","protected":false},"author":0,"featured_media":0,"comment_status":"open","ping_status":"open","sticky":false,"template":"","format":"standard","meta":[],"categories":[1],"tags":[],"_links":{"self":[{"href":"https:\/\/aprimora.site\/carvalhoalmeidaadvogados\/wp-json\/wp\/v2\/posts\/7428"}],"collection":[{"href":"https:\/\/aprimora.site\/carvalhoalmeidaadvogados\/wp-json\/wp\/v2\/posts"}],"about":[{"href":"https:\/\/aprimora.site\/carvalhoalmeidaadvogados\/wp-json\/wp\/v2\/types\/post"}],"replies":[{"embeddable":true,"href":"https:\/\/aprimora.site\/carvalhoalmeidaadvogados\/wp-json\/wp\/v2\/comments?post=7428"}],"version-history":[{"count":0,"href":"https:\/\/aprimora.site\/carvalhoalmeidaadvogados\/wp-json\/wp\/v2\/posts\/7428\/revisions"}],"wp:attachment":[{"href":"https:\/\/aprimora.site\/carvalhoalmeidaadvogados\/wp-json\/wp\/v2\/media?parent=7428"}],"wp:term":[{"taxonomy":"category","embeddable":true,"href":"https:\/\/aprimora.site\/carvalhoalmeidaadvogados\/wp-json\/wp\/v2\/categories?post=7428"},{"taxonomy":"post_tag","embeddable":true,"href":"https:\/\/aprimora.site\/carvalhoalmeidaadvogados\/wp-json\/wp\/v2\/tags?post=7428"}],"curies":[{"name":"wp","href":"https:\/\/api.w.org\/{rel}","templated":true}]}}